{"id":84180,"date":"2020-05-03T13:33:34","date_gmt":"2020-05-03T17:33:34","guid":{"rendered":"https:\/\/linitiative.ca\/International\/m-ben-abdelkader-demande-le-report-de-lexamen-du-projet-de-loi-22-20\/"},"modified":"2020-05-03T13:33:34","modified_gmt":"2020-05-03T17:33:34","slug":"m-ben-abdelkader-demande-le-report-de-lexamen-du-projet-de-loi-22-20","status":"publish","type":"post","link":"https:\/\/linitiative.ca\/International\/m-ben-abdelkader-demande-le-report-de-lexamen-du-projet-de-loi-22-20\/","title":{"rendered":"M. Ben Abdelkader demande le report de l\u2019examen du projet de loi 22.20"},"content":{"rendered":"<div class=\"single-featured\"><img alt=\"\" data-src=\"http:\/\/www.mapoujda.ma\/map\/uploads\/2020\/05\/Le-ministre-de-la-Justice-Mohamed-Ben-Abdelkader-M750&#xD7;430-MAP.jpg\"\/><\/div>\n<div class=\"entry-content clearfix single-post-content\" readability=\"49\">\n<p class=\"c4\">Le ministre de la Justice Mohamed Ben Abdelkader a affirm\u00e9, dimanche, avoir demand\u00e9 le report de l\u2019examen du projet de loi 22.20 sur l\u2019utilisation des r\u00e9seaux sociaux jusqu\u2019\u00e0 la fin de la p\u00e9riode actuelle et la tenue de concertations avec les acteurs concern\u00e9s.<\/p>\n<p class=\"c4\">\u00ab\u00a0Au regard des circonstances particuli\u00e8res que traverse notre pays sur fond d\u2019\u00e9tat d\u2019urgence sanitaire, j\u2019ai d\u00e9cid\u00e9 de demander au Chef du gouvernement et aux membres de la commission minist\u00e9rielle comp\u00e9tente de repousser les travaux sur le projet de loi 22.20 jusqu\u2019\u00e0 la fin de la p\u00e9riode actuelle et la tenue des concertations n\u00e9cessaires avec l\u2019ensemble des acteurs concern\u00e9s\u00a0\u00bb, a soulign\u00e9 le ministre.<\/p>\n<p class=\"c4\">Une telle d\u00e9marche, a-t-il expliqu\u00e9, \u00ab\u00a0\u00e9mane de notre souci de faire en sorte que la version d\u00e9finitive du projet soit en conformit\u00e9 avec les principes constitutionnels pertinents et qu\u2019elle puisse consolider les acquis de notre pays en mati\u00e8re des droits de l\u2019Homme\u00a0\u00bb.<\/p>\n<\/div>\n<p>Auteur: Soufiane ELAHMAR<br \/>\n<a href=\"http:\/\/www.mapoujda.ma\/fr\/m-ben-abdelkader-demande-le-report-de-lexamen-du-projet-de-loi-22-20\/\">Cliquez ici pour lire l&rsquo;article depuis sa source.<\/a><\/p>\n","protected":false},"excerpt":{"rendered":"<p>Le ministre de la Justice Mohamed Ben Abdelkader a affirm\u00e9, dimanche, avoir demand\u00e9 le report de l\u2019examen du projet de loi 22.20 sur l\u2019utilisation des r\u00e9seaux sociaux jusqu\u2019\u00e0 la fin de la p\u00e9riode actuelle et la tenue de concertations avec les acteurs concern\u00e9s. \u00ab\u00a0Au regard des circonstances particuli\u00e8res que traverse notre pays sur fond d\u2019\u00e9tat [&hellip;]<\/p>\n","protected":false},"author":1788,"featured_media":84181,"comment_status":"closed","ping_status":"closed","sticky":false,"template":"","format":"standard","meta":{"fifu_image_url":"","fifu_image_alt":"","footnotes":""},"categories":[54,76],"tags":[],"class_list":["post-84180","post","type-post","status-publish","format-standard","has-post-thumbnail","hentry","category-maroc","category-regions"],"_links":{"self":[{"href":"https:\/\/linitiative.ca\/International\/wp-json\/wp\/v2\/posts\/84180","targetHints":{"allow":["GET"]}}],"collection":[{"href":"https:\/\/linitiative.ca\/International\/wp-json\/wp\/v2\/posts"}],"about":[{"href":"https:\/\/linitiative.ca\/International\/wp-json\/wp\/v2\/types\/post"}],"author":[{"embeddable":true,"href":"https:\/\/linitiative.ca\/International\/wp-json\/wp\/v2\/users\/1788"}],"replies":[{"embeddable":true,"href":"https:\/\/linitiative.ca\/International\/wp-json\/wp\/v2\/comments?post=84180"}],"version-history":[{"count":0,"href":"https:\/\/linitiative.ca\/International\/wp-json\/wp\/v2\/posts\/84180\/revisions"}],"wp:featuredmedia":[{"embeddable":true,"href":"https:\/\/linitiative.ca\/International\/wp-json\/"}],"wp:attachment":[{"href":"https:\/\/linitiative.ca\/International\/wp-json\/wp\/v2\/media?parent=84180"}],"wp:term":[{"taxonomy":"category","embeddable":true,"href":"https:\/\/linitiative.ca\/International\/wp-json\/wp\/v2\/categories?post=84180"},{"taxonomy":"post_tag","embeddable":true,"href":"https:\/\/linitiative.ca\/International\/wp-json\/wp\/v2\/tags?post=84180"}],"curies":[{"name":"wp","href":"https:\/\/api.w.org\/{rel}","templated":true}]}}