{"id":84182,"date":"2020-05-03T12:19:29","date_gmt":"2020-05-03T16:19:29","guid":{"rendered":"https:\/\/linitiative.ca\/International\/ram-louverture-des-frontieres-pas-avant-septembre\/"},"modified":"2020-05-03T12:19:29","modified_gmt":"2020-05-03T16:19:29","slug":"ram-louverture-des-frontieres-pas-avant-septembre","status":"publish","type":"post","link":"https:\/\/linitiative.ca\/International\/ram-louverture-des-frontieres-pas-avant-septembre\/","title":{"rendered":"RAM: L&rsquo;ouverture des fronti\u00e8res, pas avant septembre?"},"content":{"rendered":"<div class=\"author\" readability=\"5.7931034482759\"> Par <a href=\"\/content\/amin-rboub\">Amin RBOUB<\/a> <a href=\"\/node\/\"> <\/a> | Edition N\u00b0:5753 Le 04\/05\/2020 | Partager <\/div>\n<div class=\"body\">\n<div class=\"field field-name-body field-type-text-with-summary field-label-hidden\">\n<div class=\"field-items\" readability=\"10.5\">\n<div class=\"field-item even\" property=\"content:encoded\" readability=\"16\">\n<p class=\"rtejustify\">Avec une soixantaine d&rsquo;appareils clou\u00e9s au col, Royal Air Maroc\u00a0 ne devrait pas retrouver un niveau d\u2019activit\u00e9 normal avant\u00a0 24 mois au moins. Les n\u00e9gociations en cours avec l\u2019Etat marocain n\u2019ont pour l\u2019heure pas abouti au plan de sauvetage attendu. Des mesures vigoureuses ont \u00e9t\u00e9 certes prises, notamment \u00e0 travers le report ou la suppression des charges sociales, les d\u00e9gr\u00e8vements d\u2019imp\u00f4ts, le report des \u00e9ch\u00e9ances bancaires\u2026 Mais pour l&rsquo;heure, la visibilit\u00e9 est quasi nulle quant \u00e0 la r\u00e9ouverture des fronti\u00e8res, sans doute impossible avant septembre 2020.<br \/><em>A.R. <\/em><\/p>\n<\/div>\n<\/div>\n<\/div>\n<\/div>\n<div class=\"eco-conseil\">\n<div class=\"view view-eco-conseil-16 view-id-eco_conseil_16 view-display-id-cookies view-dom-id-e6c4dfed49c6a14abf70ba568156861f\">\n<div class=\"view-content\">\n<div id=\"views-bootstrap-grid-1\" class=\"views-bootstrap-grid-plugin-style\">\n<div class=\"row\">\n<div class=\" col-xs-12 col-lg-4\">\n<div class=\"row\">\n<div class=\"col col-xs-12 col-lg-12\">\n<div class=\"field-content\"><a href=\"\/article\/1061393-adieu-idir\"><img loading=\"lazy\" decoding=\"async\" class=\"img-responsive\" typeof=\"foaf:Image\" src=\"https:\/\/www.leconomiste.com\/sites\/default\/files\/eco7\/public\/styles\/800x400\/public\/default_images\/default_une.jpg?itok=4jZlgnIZ\" width=\"660\" height=\"330\" alt=\"\"\/><\/a><\/div>\n<\/div>\n<div class=\" title_suite_2 col col-xs-12 col-lg-12\"> <a href=\"\/article\/1061393-adieu-idir\"\/><span class=\"field-content\">Article 1061393<\/span><\/div>\n<\/div>\n<\/div>\n<div class=\" col-xs-12 col-lg-4\">\n<div class=\"row\">\n<div class=\"col col-xs-12 col-lg-12\">\n<div class=\"field-content\"><a href=\"\/article\/1061392-casablanca-la-commune-relifte-son-site\"><img loading=\"lazy\" decoding=\"async\" class=\"img-responsive\" typeof=\"foaf:Image\" src=\"https:\/\/www.leconomiste.com\/sites\/default\/files\/eco7\/public\/styles\/800x400\/public\/default_images\/default_une.jpg?itok=4jZlgnIZ\" width=\"660\" height=\"330\" alt=\"\"\/><\/a><\/div>\n<\/div>\n<div class=\" title_suite_2 col col-xs-12 col-lg-12\"> <a href=\"\/article\/1061392-casablanca-la-commune-relifte-son-site\"\/><span class=\"field-content\">Casablanca: La commune relifte son site<\/span><\/div>\n<\/div>\n<\/div>\n<div class=\" col-xs-12 col-lg-4\">\n<div class=\"row\">\n<div class=\"col col-xs-12 col-lg-12\">\n<div class=\"field-content\"><a href=\"\/article\/1061391-respirateurs-un-brevet-pour-cosumar-et-la-fondation-frdisi\"><img loading=\"lazy\" decoding=\"async\" class=\"img-responsive\" typeof=\"foaf:Image\" src=\"https:\/\/www.leconomiste.com\/sites\/default\/files\/eco7\/public\/styles\/800x400\/public\/default_images\/default_une.jpg?itok=4jZlgnIZ\" width=\"660\" height=\"330\" alt=\"\"\/><\/a><\/div>\n<\/div>\n<div class=\" title_suite_2 col col-xs-12 col-lg-12\"> <a href=\"\/article\/1061391-respirateurs-un-brevet-pour-cosumar-et-la-fondation-frdisi\"\/><span class=\"field-content\">Respirateurs: Un brevet pour Cosumar et la fondation FRDISI<\/span><\/div>\n<\/div>\n<\/div>\n<\/div>\n<\/div>\n<\/div>\n<\/div>\n<\/div>\n<p>Auteur: hlafriqi<br \/>\n<a href=\"https:\/\/www.leconomiste.com\/article\/1061389-ram-l-ouverture-des-frontieres-pas-avant-septembre\">Cliquez ici pour lire l&rsquo;article depuis sa source.<\/a><\/p>\n","protected":false},"excerpt":{"rendered":"<p>Par Amin RBOUB | Edition N\u00b0:5753 Le 04\/05\/2020 | Partager Avec une soixantaine d&rsquo;appareils clou\u00e9s au col, Royal Air Maroc\u00a0 ne devrait pas retrouver un niveau d\u2019activit\u00e9 normal avant\u00a0 24 mois au moins. Les n\u00e9gociations en cours avec l\u2019Etat marocain n\u2019ont pour l\u2019heure pas abouti au plan de sauvetage attendu. Des mesures vigoureuses ont \u00e9t\u00e9 [&hellip;]<\/p>\n","protected":false},"author":1763,"featured_media":0,"comment_status":"closed","ping_status":"closed","sticky":false,"template":"","format":"standard","meta":{"fifu_image_url":"","fifu_image_alt":"","footnotes":""},"categories":[78,54],"tags":[],"class_list":["post-84182","post","type-post","status-publish","format-standard","hentry","category-economie","category-maroc"],"_links":{"self":[{"href":"https:\/\/linitiative.ca\/International\/wp-json\/wp\/v2\/posts\/84182","targetHints":{"allow":["GET"]}}],"collection":[{"href":"https:\/\/linitiative.ca\/International\/wp-json\/wp\/v2\/posts"}],"about":[{"href":"https:\/\/linitiative.ca\/International\/wp-json\/wp\/v2\/types\/post"}],"author":[{"embeddable":true,"href":"https:\/\/linitiative.ca\/International\/wp-json\/wp\/v2\/users\/1763"}],"replies":[{"embeddable":true,"href":"https:\/\/linitiative.ca\/International\/wp-json\/wp\/v2\/comments?post=84182"}],"version-history":[{"count":0,"href":"https:\/\/linitiative.ca\/International\/wp-json\/wp\/v2\/posts\/84182\/revisions"}],"wp:attachment":[{"href":"https:\/\/linitiative.ca\/International\/wp-json\/wp\/v2\/media?parent=84182"}],"wp:term":[{"taxonomy":"category","embeddable":true,"href":"https:\/\/linitiative.ca\/International\/wp-json\/wp\/v2\/categories?post=84182"},{"taxonomy":"post_tag","embeddable":true,"href":"https:\/\/linitiative.ca\/International\/wp-json\/wp\/v2\/tags?post=84182"}],"curies":[{"name":"wp","href":"https:\/\/api.w.org\/{rel}","templated":true}]}}