{"id":84183,"date":"2020-05-03T12:20:36","date_gmt":"2020-05-03T16:20:36","guid":{"rendered":"https:\/\/linitiative.ca\/International\/133-millions-de-dh-pour-la-culture\/"},"modified":"2020-05-03T12:20:36","modified_gmt":"2020-05-03T16:20:36","slug":"133-millions-de-dh-pour-la-culture","status":"publish","type":"post","link":"https:\/\/linitiative.ca\/International\/133-millions-de-dh-pour-la-culture\/","title":{"rendered":"13,3 millions de DH pour la Culture"},"content":{"rendered":"<div class=\"body\">\n<div class=\"field field-name-body field-type-text-with-summary field-label-hidden\">\n<div class=\"field-items\" readability=\"12\">\n<div class=\"field-item even\" property=\"content:encoded\" readability=\"19\">\n<p class=\"rtejustify\">C\u2019est sur les r\u00e9seaux sociaux que le nouveau\u00a0 ministre de la Culture\u00a0 de la jeunesse et des Sports, Othman El Ferdaous, a annonc\u00e9 le \u00abd\u00e9blocage imm\u00e9diat\u00bb de 13,3 millions de DH en faveur des acteurs de la culture. Cette aide, mobilis\u00e9e \u00e0 travers le Fonds national de l\u2019action culturelle (FNAC), est destin\u00e9e \u00e0 l\u2019ensemble du secteur culturel, durement frapp\u00e9 par l\u2019arr\u00eat brutal de l\u2019activit\u00e9 depuis les mesures de restrictions li\u00e9es \u00e0 la pand\u00e9mie. Il s\u2019agit surtout de la liquidation des arri\u00e9r\u00e9s de soutien notamment destin\u00e9 au secteur du livre, des arts visuels, du th\u00e9\u00e2tre ainsi que la musique et les arts chor\u00e9graphiques. \u00abD\u2019autres soutiens sont \u00e0 l\u2019\u00e9tude pour 2020\u00bb, promet d\u00e9j\u00e0 Othman El Ferdaous.<br \/><em>A.Bo<\/em><\/p>\n<\/div>\n<\/div>\n<\/div>\n<\/div>\n<div class=\"eco-conseil\">\n<div class=\"view view-eco-conseil-16 view-id-eco_conseil_16 view-display-id-cookies view-dom-id-e0fdc5f383f12d4371e95e040e66b5b3\">\n<div class=\"view-content\">\n<div id=\"views-bootstrap-grid-1\" class=\"views-bootstrap-grid-plugin-style\">\n<div class=\"row\">\n<div class=\" col-xs-12 col-lg-4\">\n<div class=\"row\">\n<div class=\"col col-xs-12 col-lg-12\">\n<div class=\"field-content\"><a href=\"\/article\/1061393-adieu-idir\"><img loading=\"lazy\" decoding=\"async\" class=\"img-responsive\" typeof=\"foaf:Image\" src=\"https:\/\/www.leconomiste.com\/sites\/default\/files\/eco7\/public\/styles\/800x400\/public\/default_images\/default_une.jpg?itok=4jZlgnIZ\" width=\"660\" height=\"330\" alt=\"\"\/><\/a><\/div>\n<\/div>\n<div class=\" title_suite_2 col col-xs-12 col-lg-12\"> <a href=\"\/article\/1061393-adieu-idir\"\/><span class=\"field-content\">Article 1061393<\/span><\/div>\n<\/div>\n<\/div>\n<div class=\" col-xs-12 col-lg-4\">\n<div class=\"row\">\n<div class=\"col col-xs-12 col-lg-12\">\n<div class=\"field-content\"><a href=\"\/article\/1061392-casablanca-la-commune-relifte-son-site\"><img loading=\"lazy\" decoding=\"async\" class=\"img-responsive\" typeof=\"foaf:Image\" src=\"https:\/\/www.leconomiste.com\/sites\/default\/files\/eco7\/public\/styles\/800x400\/public\/default_images\/default_une.jpg?itok=4jZlgnIZ\" width=\"660\" height=\"330\" alt=\"\"\/><\/a><\/div>\n<\/div>\n<div class=\" title_suite_2 col col-xs-12 col-lg-12\"> <a href=\"\/article\/1061392-casablanca-la-commune-relifte-son-site\"\/><span class=\"field-content\">Casablanca: La commune relifte son site<\/span><\/div>\n<\/div>\n<\/div>\n<div class=\" col-xs-12 col-lg-4\">\n<div class=\"row\">\n<div class=\"col col-xs-12 col-lg-12\">\n<div class=\"field-content\"><a href=\"\/article\/1061391-respirateurs-un-brevet-pour-cosumar-et-la-fondation-frdisi\"><img loading=\"lazy\" decoding=\"async\" class=\"img-responsive\" typeof=\"foaf:Image\" src=\"https:\/\/www.leconomiste.com\/sites\/default\/files\/eco7\/public\/styles\/800x400\/public\/default_images\/default_une.jpg?itok=4jZlgnIZ\" width=\"660\" height=\"330\" alt=\"\"\/><\/a><\/div>\n<\/div>\n<div class=\" title_suite_2 col col-xs-12 col-lg-12\"> <a href=\"\/article\/1061391-respirateurs-un-brevet-pour-cosumar-et-la-fondation-frdisi\"\/><span class=\"field-content\">Respirateurs: Un brevet pour Cosumar et la fondation FRDISI<\/span><\/div>\n<\/div>\n<\/div>\n<\/div>\n<\/div>\n<\/div>\n<\/div>\n<\/div>\n<p>Auteur: hlafriqi<br \/>\n<a href=\"https:\/\/www.leconomiste.com\/article\/1061390-13-3-millions-de-dh-pour-la-culture\">Cliquez ici pour lire l&rsquo;article depuis sa source.<\/a><\/p>\n","protected":false},"excerpt":{"rendered":"<p>C\u2019est sur les r\u00e9seaux sociaux que le nouveau\u00a0 ministre de la Culture\u00a0 de la jeunesse et des Sports, Othman El Ferdaous, a annonc\u00e9 le \u00abd\u00e9blocage imm\u00e9diat\u00bb de 13,3 millions de DH en faveur des acteurs de la culture. Cette aide, mobilis\u00e9e \u00e0 travers le Fonds national de l\u2019action culturelle (FNAC), est destin\u00e9e \u00e0 l\u2019ensemble du [&hellip;]<\/p>\n","protected":false},"author":1763,"featured_media":0,"comment_status":"closed","ping_status":"closed","sticky":false,"template":"","format":"standard","meta":{"fifu_image_url":"","fifu_image_alt":"","footnotes":""},"categories":[78,54],"tags":[],"class_list":["post-84183","post","type-post","status-publish","format-standard","hentry","category-economie","category-maroc"],"_links":{"self":[{"href":"https:\/\/linitiative.ca\/International\/wp-json\/wp\/v2\/posts\/84183","targetHints":{"allow":["GET"]}}],"collection":[{"href":"https:\/\/linitiative.ca\/International\/wp-json\/wp\/v2\/posts"}],"about":[{"href":"https:\/\/linitiative.ca\/International\/wp-json\/wp\/v2\/types\/post"}],"author":[{"embeddable":true,"href":"https:\/\/linitiative.ca\/International\/wp-json\/wp\/v2\/users\/1763"}],"replies":[{"embeddable":true,"href":"https:\/\/linitiative.ca\/International\/wp-json\/wp\/v2\/comments?post=84183"}],"version-history":[{"count":0,"href":"https:\/\/linitiative.ca\/International\/wp-json\/wp\/v2\/posts\/84183\/revisions"}],"wp:attachment":[{"href":"https:\/\/linitiative.ca\/International\/wp-json\/wp\/v2\/media?parent=84183"}],"wp:term":[{"taxonomy":"category","embeddable":true,"href":"https:\/\/linitiative.ca\/International\/wp-json\/wp\/v2\/categories?post=84183"},{"taxonomy":"post_tag","embeddable":true,"href":"https:\/\/linitiative.ca\/International\/wp-json\/wp\/v2\/tags?post=84183"}],"curies":[{"name":"wp","href":"https:\/\/api.w.org\/{rel}","templated":true}]}}