{"id":84185,"date":"2020-05-03T12:22:45","date_gmt":"2020-05-03T16:22:45","guid":{"rendered":"https:\/\/linitiative.ca\/International\/casablanca-la-commune-relifte-son-site\/"},"modified":"2020-05-03T12:22:45","modified_gmt":"2020-05-03T16:22:45","slug":"casablanca-la-commune-relifte-son-site","status":"publish","type":"post","link":"https:\/\/linitiative.ca\/International\/casablanca-la-commune-relifte-son-site\/","title":{"rendered":"Casablanca: La commune relifte son site"},"content":{"rendered":"<div class=\"body\">\n<div class=\"field field-name-body field-type-text-with-summary field-label-hidden\">\n<div class=\"field-items\" readability=\"14.125461254613\">\n<div class=\"field-item even\" property=\"content:encoded\" readability=\"23.380073800738\">\n<p class=\"rtejustify\">La commune de Casablanca vient de d\u00e9voiler la nouvelle version de son portail <a href=\"http:\/\/www.casablancacity.ma\">www.casablancacity.ma<\/a>. Il s\u2019agit d\u2019une version \u00abam\u00e9lior\u00e9e\u00bb du m\u00eame site lanc\u00e9 en 2015 et dont le contenu \u00e9tait loin d\u2019\u00eatre dynamique. Le portail, qui se d\u00e9cline en langues arabe et fran\u00e7aise, comprend des plateformes d\u00e9di\u00e9es aux services de proximit\u00e9 et e-services. Il permet une interaction directe via une panoplie d\u2019e-services, tels que la gestion des r\u00e9clamations (CIRM), le bureau d\u2019ordre digital, CasaMaps, le compte citoyen, ainsi que l\u2019espace r\u00e9serv\u00e9 aux d\u00e9marches administratives en ligne.\u00a0 Les informations mises en ligne se rapportent aux divers domaines d\u2019activit\u00e9 de la commune, notamment le transport, la propret\u00e9, l\u2019eau, l\u2019\u00e9lectricit\u00e9, la sant\u00e9, l\u2019urbanisme, la culture\u2026<br \/><em>A.E.<\/em><\/p>\n<\/div>\n<\/div>\n<\/div>\n<\/div>\n<div class=\"eco-conseil\">\n<div class=\"view view-eco-conseil-16 view-id-eco_conseil_16 view-display-id-cookies view-dom-id-7e73a7aa8b8ed471841da8d7878be80f\">\n<div class=\"view-content\">\n<div id=\"views-bootstrap-grid-1\" class=\"views-bootstrap-grid-plugin-style\">\n<div class=\"row\">\n<div class=\" col-xs-12 col-lg-4\">\n<div class=\"row\">\n<div class=\"col col-xs-12 col-lg-12\">\n<div class=\"field-content\"><a href=\"\/article\/1061393-adieu-idir\"><img loading=\"lazy\" decoding=\"async\" class=\"img-responsive\" typeof=\"foaf:Image\" src=\"https:\/\/www.leconomiste.com\/sites\/default\/files\/eco7\/public\/styles\/800x400\/public\/default_images\/default_une.jpg?itok=4jZlgnIZ\" width=\"660\" height=\"330\" alt=\"\"\/><\/a><\/div>\n<\/div>\n<div class=\" title_suite_2 col col-xs-12 col-lg-12\"> <a href=\"\/article\/1061393-adieu-idir\"\/><span class=\"field-content\">Article 1061393<\/span><\/div>\n<\/div>\n<\/div>\n<div class=\" col-xs-12 col-lg-4\">\n<div class=\"row\">\n<div class=\"col col-xs-12 col-lg-12\">\n<div class=\"field-content\"><a href=\"\/article\/1061391-respirateurs-un-brevet-pour-cosumar-et-la-fondation-frdisi\"><img loading=\"lazy\" decoding=\"async\" class=\"img-responsive\" typeof=\"foaf:Image\" src=\"https:\/\/www.leconomiste.com\/sites\/default\/files\/eco7\/public\/styles\/800x400\/public\/default_images\/default_une.jpg?itok=4jZlgnIZ\" width=\"660\" height=\"330\" alt=\"\"\/><\/a><\/div>\n<\/div>\n<div class=\" title_suite_2 col col-xs-12 col-lg-12\"> <a href=\"\/article\/1061391-respirateurs-un-brevet-pour-cosumar-et-la-fondation-frdisi\"\/><span class=\"field-content\">Respirateurs: Un brevet pour Cosumar et la fondation FRDISI<\/span><\/div>\n<\/div>\n<\/div>\n<div class=\" col-xs-12 col-lg-4\">\n<div class=\"row\">\n<div class=\"col col-xs-12 col-lg-12\">\n<div class=\"field-content\"><a href=\"\/article\/1061390-13-3-millions-de-dh-pour-la-culture\"><img loading=\"lazy\" decoding=\"async\" class=\"img-responsive\" typeof=\"foaf:Image\" src=\"https:\/\/www.leconomiste.com\/sites\/default\/files\/eco7\/public\/styles\/800x400\/public\/default_images\/default_une.jpg?itok=4jZlgnIZ\" width=\"660\" height=\"330\" alt=\"\"\/><\/a><\/div>\n<\/div>\n<div class=\" title_suite_2 col col-xs-12 col-lg-12\"> <a href=\"\/article\/1061390-13-3-millions-de-dh-pour-la-culture\"\/><span class=\"field-content\">13,3 millions de DH pour la Culture<\/span><\/div>\n<\/div>\n<\/div>\n<\/div>\n<\/div>\n<\/div>\n<\/div>\n<\/div>\n<p>Auteur: hlafriqi<br \/>\n<a href=\"https:\/\/www.leconomiste.com\/article\/1061392-casablanca-la-commune-relifte-son-site\">Cliquez ici pour lire l&rsquo;article depuis sa source.<\/a><\/p>\n","protected":false},"excerpt":{"rendered":"<p>La commune de Casablanca vient de d\u00e9voiler la nouvelle version de son portail www.casablancacity.ma. Il s\u2019agit d\u2019une version \u00abam\u00e9lior\u00e9e\u00bb du m\u00eame site lanc\u00e9 en 2015 et dont le contenu \u00e9tait loin d\u2019\u00eatre dynamique. Le portail, qui se d\u00e9cline en langues arabe et fran\u00e7aise, comprend des plateformes d\u00e9di\u00e9es aux services de proximit\u00e9 et e-services. Il permet [&hellip;]<\/p>\n","protected":false},"author":1763,"featured_media":0,"comment_status":"closed","ping_status":"closed","sticky":false,"template":"","format":"standard","meta":{"fifu_image_url":"","fifu_image_alt":"","footnotes":""},"categories":[78,54],"tags":[],"class_list":["post-84185","post","type-post","status-publish","format-standard","hentry","category-economie","category-maroc"],"_links":{"self":[{"href":"https:\/\/linitiative.ca\/International\/wp-json\/wp\/v2\/posts\/84185","targetHints":{"allow":["GET"]}}],"collection":[{"href":"https:\/\/linitiative.ca\/International\/wp-json\/wp\/v2\/posts"}],"about":[{"href":"https:\/\/linitiative.ca\/International\/wp-json\/wp\/v2\/types\/post"}],"author":[{"embeddable":true,"href":"https:\/\/linitiative.ca\/International\/wp-json\/wp\/v2\/users\/1763"}],"replies":[{"embeddable":true,"href":"https:\/\/linitiative.ca\/International\/wp-json\/wp\/v2\/comments?post=84185"}],"version-history":[{"count":0,"href":"https:\/\/linitiative.ca\/International\/wp-json\/wp\/v2\/posts\/84185\/revisions"}],"wp:attachment":[{"href":"https:\/\/linitiative.ca\/International\/wp-json\/wp\/v2\/media?parent=84185"}],"wp:term":[{"taxonomy":"category","embeddable":true,"href":"https:\/\/linitiative.ca\/International\/wp-json\/wp\/v2\/categories?post=84185"},{"taxonomy":"post_tag","embeddable":true,"href":"https:\/\/linitiative.ca\/International\/wp-json\/wp\/v2\/tags?post=84185"}],"curies":[{"name":"wp","href":"https:\/\/api.w.org\/{rel}","templated":true}]}}