{"id":84186,"date":"2020-05-03T12:23:49","date_gmt":"2020-05-03T16:23:49","guid":{"rendered":"https:\/\/linitiative.ca\/International\/article-1061393\/"},"modified":"2020-05-03T12:23:49","modified_gmt":"2020-05-03T16:23:49","slug":"article-1061393","status":"publish","type":"post","link":"https:\/\/linitiative.ca\/International\/article-1061393\/","title":{"rendered":"Article 1061393"},"content":{"rendered":"<div class=\"body\">\n<div class=\"field field-name-body field-type-text-with-summary field-label-hidden\">\n<div class=\"field-items\" readability=\"12\">\n<div class=\"field-item even\" property=\"content:encoded\" readability=\"19\">\n<p class=\"rtejustify\">Le chanteur Idir, l\u2019un des principaux ambassadeurs de la chanson amazigh \u00e0 travers le monde, est mort, samedi 2 mai, \u00e0 l\u2019\u00e2ge de 70 ans. L\u2019annonce\u00a0 a \u00e9t\u00e9 faite par sa famille sur les r\u00e9seaux sociaux. Hospitalis\u00e9 vendredi \u00e0 Paris, il a succomb\u00e9 \u00e0 une maladie pulmonaire. Son plus c\u00e9l\u00e8bre titre \u00abA Vava Inouva\u00bb (1976), diffus\u00e9 dans 77 pays et traduit en quinze langues, lui a permis de\u00a0 parcourir le monde entier\u00a0 et de remplir les salles, partout o\u00f9 qu\u2019il passe. Sa popularit\u00e9 d\u00e9passait ainsi largement l\u2019Alg\u00e9rie son pays d\u2019origine et la France son pays d\u2019accueil. De lui, le sociologue Pierre Bourdieu disait : \u00abCe n\u2019est pas un chanteur comme les autres. C\u2019est un membre de chaque famille.\u00bb<br \/><em>\u00a0A.Bo<\/em><\/p>\n<\/div>\n<\/div>\n<\/div>\n<\/div>\n<div class=\"eco-conseil\">\n<div class=\"view view-eco-conseil-16 view-id-eco_conseil_16 view-display-id-cookies view-dom-id-1a9a4fc10c7ce81e073c3ea668efa91f\">\n<div class=\"view-content\">\n<div id=\"views-bootstrap-grid-1\" class=\"views-bootstrap-grid-plugin-style\">\n<div class=\"row\">\n<div class=\" col-xs-12 col-lg-4\">\n<div class=\"row\">\n<div class=\"col col-xs-12 col-lg-12\">\n<div class=\"field-content\"><a href=\"\/article\/1061392-casablanca-la-commune-relifte-son-site\"><img loading=\"lazy\" decoding=\"async\" class=\"img-responsive\" typeof=\"foaf:Image\" src=\"https:\/\/www.leconomiste.com\/sites\/default\/files\/eco7\/public\/styles\/800x400\/public\/default_images\/default_une.jpg?itok=4jZlgnIZ\" width=\"660\" height=\"330\" alt=\"\"\/><\/a><\/div>\n<\/div>\n<div class=\" title_suite_2 col col-xs-12 col-lg-12\"> <a href=\"\/article\/1061392-casablanca-la-commune-relifte-son-site\"\/><span class=\"field-content\">Casablanca: La commune relifte son site<\/span><\/div>\n<\/div>\n<\/div>\n<div class=\" col-xs-12 col-lg-4\">\n<div class=\"row\">\n<div class=\"col col-xs-12 col-lg-12\">\n<div class=\"field-content\"><a href=\"\/article\/1061391-respirateurs-un-brevet-pour-cosumar-et-la-fondation-frdisi\"><img loading=\"lazy\" decoding=\"async\" class=\"img-responsive\" typeof=\"foaf:Image\" src=\"https:\/\/www.leconomiste.com\/sites\/default\/files\/eco7\/public\/styles\/800x400\/public\/default_images\/default_une.jpg?itok=4jZlgnIZ\" width=\"660\" height=\"330\" alt=\"\"\/><\/a><\/div>\n<\/div>\n<div class=\" title_suite_2 col col-xs-12 col-lg-12\"> <a href=\"\/article\/1061391-respirateurs-un-brevet-pour-cosumar-et-la-fondation-frdisi\"\/><span class=\"field-content\">Respirateurs: Un brevet pour Cosumar et la fondation FRDISI<\/span><\/div>\n<\/div>\n<\/div>\n<div class=\" col-xs-12 col-lg-4\">\n<div class=\"row\">\n<div class=\"col col-xs-12 col-lg-12\">\n<div class=\"field-content\"><a href=\"\/article\/1061390-13-3-millions-de-dh-pour-la-culture\"><img loading=\"lazy\" decoding=\"async\" class=\"img-responsive\" typeof=\"foaf:Image\" src=\"https:\/\/www.leconomiste.com\/sites\/default\/files\/eco7\/public\/styles\/800x400\/public\/default_images\/default_une.jpg?itok=4jZlgnIZ\" width=\"660\" height=\"330\" alt=\"\"\/><\/a><\/div>\n<\/div>\n<div class=\" title_suite_2 col col-xs-12 col-lg-12\"> <a href=\"\/article\/1061390-13-3-millions-de-dh-pour-la-culture\"\/><span class=\"field-content\">13,3 millions de DH pour la Culture<\/span><\/div>\n<\/div>\n<\/div>\n<\/div>\n<\/div>\n<\/div>\n<\/div>\n<\/div>\n<p>Auteur: hlafriqi<br \/>\n<a href=\"https:\/\/www.leconomiste.com\/article\/1061393-adieu-idir\">Cliquez ici pour lire l&rsquo;article depuis sa source.<\/a><\/p>\n","protected":false},"excerpt":{"rendered":"<p>Le chanteur Idir, l\u2019un des principaux ambassadeurs de la chanson amazigh \u00e0 travers le monde, est mort, samedi 2 mai, \u00e0 l\u2019\u00e2ge de 70 ans. L\u2019annonce\u00a0 a \u00e9t\u00e9 faite par sa famille sur les r\u00e9seaux sociaux. Hospitalis\u00e9 vendredi \u00e0 Paris, il a succomb\u00e9 \u00e0 une maladie pulmonaire. Son plus c\u00e9l\u00e8bre titre \u00abA Vava Inouva\u00bb (1976), [&hellip;]<\/p>\n","protected":false},"author":1763,"featured_media":0,"comment_status":"closed","ping_status":"closed","sticky":false,"template":"","format":"standard","meta":{"fifu_image_url":"","fifu_image_alt":"","footnotes":""},"categories":[78,54],"tags":[],"class_list":["post-84186","post","type-post","status-publish","format-standard","hentry","category-economie","category-maroc"],"_links":{"self":[{"href":"https:\/\/linitiative.ca\/International\/wp-json\/wp\/v2\/posts\/84186","targetHints":{"allow":["GET"]}}],"collection":[{"href":"https:\/\/linitiative.ca\/International\/wp-json\/wp\/v2\/posts"}],"about":[{"href":"https:\/\/linitiative.ca\/International\/wp-json\/wp\/v2\/types\/post"}],"author":[{"embeddable":true,"href":"https:\/\/linitiative.ca\/International\/wp-json\/wp\/v2\/users\/1763"}],"replies":[{"embeddable":true,"href":"https:\/\/linitiative.ca\/International\/wp-json\/wp\/v2\/comments?post=84186"}],"version-history":[{"count":0,"href":"https:\/\/linitiative.ca\/International\/wp-json\/wp\/v2\/posts\/84186\/revisions"}],"wp:attachment":[{"href":"https:\/\/linitiative.ca\/International\/wp-json\/wp\/v2\/media?parent=84186"}],"wp:term":[{"taxonomy":"category","embeddable":true,"href":"https:\/\/linitiative.ca\/International\/wp-json\/wp\/v2\/categories?post=84186"},{"taxonomy":"post_tag","embeddable":true,"href":"https:\/\/linitiative.ca\/International\/wp-json\/wp\/v2\/tags?post=84186"}],"curies":[{"name":"wp","href":"https:\/\/api.w.org\/{rel}","templated":true}]}}