{"id":84197,"date":"2020-05-03T08:00:00","date_gmt":"2020-05-03T12:00:00","guid":{"rendered":"https:\/\/linitiative.ca\/International\/covid-19-m-belhimer-met-en-avant-limportance-de-la-communication-de-crise\/"},"modified":"2020-05-03T08:00:00","modified_gmt":"2020-05-03T12:00:00","slug":"covid-19-m-belhimer-met-en-avant-limportance-de-la-communication-de-crise","status":"publish","type":"post","link":"https:\/\/linitiative.ca\/International\/covid-19-m-belhimer-met-en-avant-limportance-de-la-communication-de-crise\/","title":{"rendered":"Covid-19: M. Belhimer met en avant l\u2019importance de la communication de crise"},"content":{"rendered":"<p>Lors d\u2019un entretien accord\u00e9 samedi soir \u00e0 la t\u00e9l\u00e9vision publique, \u00e0 l&rsquo;occasion de la journ\u00e9e internationale de la libert\u00e9 de la presse, le ministre a expliqu\u00e9 que \u00ab\u00a0dans un contexte de forte tension, c\u2019est la communication de crise qui est de mise afin de r\u00e9pondre au droit du citoyen \u00e0 l\u2019information\u00a0\u00bb.<\/p>\n<p>Soulignant, dans ce sens, que le plan m\u00e9diatique institutionnel repose sur quatre (4) axes, il a pr\u00e9cis\u00e9 que le premier concerne \u00ab\u00a0l\u2019organisation d\u2019un point de presse quotidien, \u00e0 travers lequel est communiqu\u00e9 le bilan \u00e9pid\u00e9miologique des derni\u00e8res 24h, l\u2019\u00e9tablissement d\u2019une liste nominative des Imams et des sp\u00e9cialistes en infectiologie et en virologie dispos\u00e9s \u00e0 prendre part aux \u00e9missions radiophoniques et t\u00e9l\u00e9vis\u00e9es, et interventions dans la presse papier et num\u00e9rique\u00bb. Le ministre a fait \u00e9tat en outre du \u00ab\u00a0lancement d\u2019une 6e cha\u00eene TV d\u00e9di\u00e9e \u00e0 la diffusion des programmes et cours p\u00e9dagogiques au profit des trois paliers d\u2019enseignement, en plus de la mise en ligne de contenus \u00e9ducatifs interactifs \u00e0 travers les r\u00e9seaux sociaux, avec le soutien du minist\u00e8re de la Poste et des T\u00e9l\u00e9communications\u00a0\u00bb. Le ministre a indiqu\u00e9, \u00e0 ce propos, que \u00ab\u00a0l\u2019Information en temps de crise s\u2019inscrit dans le cadre d&rsquo;un r\u00e9seau de commandements bien structur\u00e9 autour de trois hi\u00e9rarchies \u00e0 caract\u00e8re strat\u00e9gique, op\u00e9rationnel ou pratique et tactique\u00a0\u00bb. Il a expliqu\u00e9 que le commandement strat\u00e9gique \u00ab\u00a0requiert deux niveaux de prise de d\u00e9cision, et ce, sous l\u2019autorit\u00e9 du pr\u00e9sident de la R\u00e9publique, en l&rsquo;occurrence le Haut conseil de s\u00e9curit\u00e9 (HCS) et le Gouvernement\u00bb. Pour M . Belhimer, il fallait \u00ab\u00a0une intervention du HCS car nous sommes devant ce qui est appel\u00e9, en Droit international, le concept de \u00ab\u00a0danger public exceptionnel\u00a0\u00bb, qui menace l\u2019existence de la Nation tout enti\u00e8re. Partant, l\u2019Alg\u00e9rie, \u00e0 l\u2019instar de tous les autres pays, peut prendre des mesures exceptionnelles, en ce sens que les Pouvoirs publics ne sont pas tenus, dans de telles circonstances (\u00e9viter la propagation de la pand\u00e9mie), de respecter les obligations inh\u00e9rentes au pacte international relatif aux droits civils et politiques (PIDCP), dont les droits de r\u00e9union, de manifestation, de rassemblement et de circulation\u00a0\u00bb, a-t-il ajout\u00e9 .\u00a0\u00bbNous sommes, donc, devant quelque chose de plus grave qu\u2019un \u00e9tat d\u2019urgence sanitaire\u00a0\u00bb, a-t-il soutenu. Et d\u2019ajouter : \u00ab\u00a0il y a une autre institution au c\u0153ur de cette bataille, c\u2019est le Gouvernement, et \u00e0 sa t\u00eate le Premier ministre qui a, tr\u00e8s t\u00f4t c\u2019est-\u00e0-dire le 21 janvier dernier, sign\u00e9 une circulaire appelant les services comp\u00e9tents \u00e0 la vigilance et \u00e0 la prise de mesures de pr\u00e9-d\u00e9pistage\u00a0\u00bb .Cette circulaire est intervenue plus d\u2019un mois avant l\u2019enregistrement du premier cas d&rsquo;infection au nouveau Coronavirus, celui d\u2019un ressortissant italien \u00e0 Hassi Messaoud, a rappel\u00e9 M. Belhimer.<\/p>\n<p>Evoquant le commandement op\u00e9rationnel, le ministre a soulign\u00e9 que ce dernier a mobilis\u00e9 les efforts du minist\u00e8re de la Sant\u00e9, notamment le ministre, la cellule logistique, les directeurs de la sant\u00e9 publique et les commissions de wilayas.<\/p>\n<p>A cet effet, M. Belhimer a salu\u00e9 le r\u00f4le de la cellule de suivi et d\u2019information la qualifiant de \u00ab\u00a0noyau central\u00a0\u00bb de ce commandement op\u00e9rationnel, \u00e0 travers laquelle l\u2019Etat garantie aux citoyens l\u2019acc\u00e8s juste, \u00e9quitable et continu \u00e0 l\u2019information relative aux risques majeurs. \u00ab\u00a0Ce droit \u00e0 l\u2019information englobe, pour le citoyen, la connaissance des risques et la vuln\u00e9rabilit\u00e9 de son lieu de r\u00e9sidence et de travail, ainsi que les informations relatives aux dispositifs de pr\u00e9vention en vigueur en son lieu de r\u00e9sidence ou pour ce qui est de ses activit\u00e9s ainsi que les dispositifs de prise en charge en cas de catastrophe, a-t-il conclu. (APS)<\/p>\n<p>Auteur: elmoudjahid<br \/>\n<a href=\"http:\/\/www.elmoudjahid.com\/fr\/actualites\/152647\">Cliquez ici pour lire l&rsquo;article depuis sa source.<\/a><\/p>\n","protected":false},"excerpt":{"rendered":"<p>Lors d\u2019un entretien accord\u00e9 samedi soir \u00e0 la t\u00e9l\u00e9vision publique, \u00e0 l&rsquo;occasion de la journ\u00e9e internationale de la libert\u00e9 de la presse, le ministre a expliqu\u00e9 que \u00ab\u00a0dans un contexte de forte tension, c\u2019est la communication de crise qui est de mise afin de r\u00e9pondre au droit du citoyen \u00e0 l\u2019information\u00a0\u00bb. Soulignant, dans ce sens, [&hellip;]<\/p>\n","protected":false},"author":1744,"featured_media":0,"comment_status":"closed","ping_status":"closed","sticky":false,"template":"","format":"standard","meta":{"fifu_image_url":"","fifu_image_alt":"","footnotes":""},"categories":[73,53],"tags":[],"class_list":["post-84197","post","type-post","status-publish","format-standard","hentry","category-actualite","category-algerie"],"_links":{"self":[{"href":"https:\/\/linitiative.ca\/International\/wp-json\/wp\/v2\/posts\/84197","targetHints":{"allow":["GET"]}}],"collection":[{"href":"https:\/\/linitiative.ca\/International\/wp-json\/wp\/v2\/posts"}],"about":[{"href":"https:\/\/linitiative.ca\/International\/wp-json\/wp\/v2\/types\/post"}],"author":[{"embeddable":true,"href":"https:\/\/linitiative.ca\/International\/wp-json\/wp\/v2\/users\/1744"}],"replies":[{"embeddable":true,"href":"https:\/\/linitiative.ca\/International\/wp-json\/wp\/v2\/comments?post=84197"}],"version-history":[{"count":0,"href":"https:\/\/linitiative.ca\/International\/wp-json\/wp\/v2\/posts\/84197\/revisions"}],"wp:attachment":[{"href":"https:\/\/linitiative.ca\/International\/wp-json\/wp\/v2\/media?parent=84197"}],"wp:term":[{"taxonomy":"category","embeddable":true,"href":"https:\/\/linitiative.ca\/International\/wp-json\/wp\/v2\/categories?post=84197"},{"taxonomy":"post_tag","embeddable":true,"href":"https:\/\/linitiative.ca\/International\/wp-json\/wp\/v2\/tags?post=84197"}],"curies":[{"name":"wp","href":"https:\/\/api.w.org\/{rel}","templated":true}]}}