{"id":84198,"date":"2020-05-03T12:15:18","date_gmt":"2020-05-03T16:15:18","guid":{"rendered":"https:\/\/linitiative.ca\/International\/104667-coronavirus-reprise-de-l-activite-handisport-on-prendra-la-decision-la-plus-idoine\/"},"modified":"2020-05-03T12:15:18","modified_gmt":"2020-05-03T16:15:18","slug":"104667-coronavirus-reprise-de-l-activite-handisport-on-prendra-la-decision-la-plus-idoine","status":"publish","type":"post","link":"https:\/\/linitiative.ca\/International\/104667-coronavirus-reprise-de-l-activite-handisport-on-prendra-la-decision-la-plus-idoine\/","title":{"rendered":"Coronavirus\/Reprise de l&rsquo;activit\u00e9 handisport : \u00ab\u00a0On prendra la d\u00e9cision la plus idoine\u00a0\u00bb"},"content":{"rendered":"<div readability=\"37\">\n<p><strong>ALGER &#8211; La F\u00e9d\u00e9ration alg\u00e9rienne handisport (FAH) prendra la d\u00e9cision \u00ab\u00a0la plus idoine\u00a0\u00bb quant \u00e0 une \u00e9ventuelle reprise de ses championnats, actuellement suspendus en raison du coronavirus, a indiqu\u00e9 son pr\u00e9sident Mohamed Hachefa, soulignant que la situation restait \u00ab\u00a0tr\u00e8s complexe\u00a0\u00bb.<\/strong><\/p>\n<\/div>\n<div readability=\"84.5\">\n<p>\u00ab\u00a0L&rsquo;hypoth\u00e8se d&rsquo;une reprise de tous nos championnats est tr\u00e8s complexe \u00e0 mettre en oeuvre si le d\u00e9confinement s&rsquo;effectuera apr\u00e8s le Ramadhan, voire impossible pour certaines disciplines\u00a0\u00bb, a d\u00e9clar\u00e9 \u00e0 l\u2019APS, Mohamed Hachefa.<\/p>\n<p>L\u2019athl\u00e9tisme, une des disciplines phares dans le calendrier de la f\u00e9d\u00e9ration, au c\u00f4t\u00e9 du handi-basket, n\u2019a disput\u00e9 qu\u2019un seul meeting sur les cinq pr\u00e9vus, avant le championnat national. Les autres sports (basket, volley assis, judo, powerlifting&#8230;) ne sont pas en reste et attendent pour boucler leur saison.<\/p>\n<blockquote readability=\"14\">\n<p><em><strong>\u00ab\u00a0C\u2019est vraiment d\u00e9licat pour nous, mais on prendra la d\u00e9cision la plus idoine. Si pour certains sports, les arr\u00eater maintenant reste faisable, pour d\u2019autres, ce n\u2019est pas aussi \u00e9vident\u00a0\u00bb, a expliqu\u00e9 le pr\u00e9sident de la f\u00e9d\u00e9ration, pr\u00e9cisant que des concertations avec les clubs s\u2019imposaient pour trouver les meilleures propositions \u00e0 soumettre \u00e0 la tutelle.<\/strong><\/em><\/p>\n<\/blockquote>\n<p>En cas de reprise, la FAH songe \u00e0 laisser une p\u00e9riode de pr\u00e9paration d&rsquo;un mois aux athl\u00e8tes pour se remettre physiquement apr\u00e8s plus de deux mois d&rsquo;interruption.<\/p>\n<p>\u00ab\u00a0Si nous serons appel\u00e9s \u00e0 reprendre d&rsquo;ici \u00e0 la fin du mois de mai ou au plus tard d\u00e9but juin, on peut pr\u00e9coniser une reprise des comp\u00e9titions pour certaines disciplines, comme l\u2019athl\u00e9tisme et le handi-basket. Pour le reste, ce sera malheureusement en septembre\u00a0\u00bb, dit le pr\u00e9sident.<\/p>\n<blockquote readability=\"15\">\n<p><em><strong>Pour Hachefa, la p\u00e9riode d&rsquo;intresaison cette ann\u00e9e ne sera pas comme les pr\u00e9c\u00e9dentes en raison du contexte actuel : \u00ab\u00a0D\u2019habitude, cette p\u00e9riode en handisport est trop longue (de juin \u00e0 septembre), mais avec la situation actuelle, on va vers une r\u00e9duction tr\u00e8s significative de cette transition, comme ce qui se fait ailleurs\u00a0\u00bb, se r\u00e9f\u00e9rant \u00e0 ce qui se fait dans les pays d\u00e9velopp\u00e9s o\u00f9 la p\u00e9riode de transition pour les athl\u00e8tes performants ne d\u00e9passe pas les 15 jours, consacr\u00e9s \u00e0 la r\u00e9cup\u00e9ration d\u2019une saison pour entamer l\u2019autre.<\/strong><\/em><\/p>\n<\/blockquote>\n<p>N\u00e9anmoins, le responsable de la f\u00e9d\u00e9ration et son staff comptent lancer un sondage aupr\u00e8s des clubs pour d\u00e9finir la strat\u00e9gie \u00e0 entreprendre.<\/p>\n<p>\u00ab\u00a0Il ne faut pas aussi oublier la pr\u00e9paration des athl\u00e8tes et \u00e9quipes qualifi\u00e9s aux Jeux Paralympiques qui doit reprendre, et \u00e9tablir le calendrier de la saison prochaine. C\u2019est tr\u00e8s compliqu\u00e9, mais on sera oblig\u00e9s de nous adapter \u00e0 toutes les situations\u00a0\u00bb, a conclu le pr\u00e9sident de la FAH.<\/p>\n<\/div>\n<p>Auteur:<br \/>\n<a href=\"http:\/\/feeds.aps.dz\/~r\/aps-sport\/~3\/8zbrp6T2dwk\/104667-coronavirus-reprise-de-l-activite-handisport-on-prendra-la-decision-la-plus-idoine\">Cliquez ici pour lire l&rsquo;article depuis sa source.<\/a><\/p>\n","protected":false},"excerpt":{"rendered":"<p>ALGER &#8211; La F\u00e9d\u00e9ration alg\u00e9rienne handisport (FAH) prendra la d\u00e9cision \u00ab\u00a0la plus idoine\u00a0\u00bb quant \u00e0 une \u00e9ventuelle reprise de ses championnats, actuellement suspendus en raison du coronavirus, a indiqu\u00e9 son pr\u00e9sident Mohamed Hachefa, soulignant que la situation restait \u00ab\u00a0tr\u00e8s complexe\u00a0\u00bb. \u00ab\u00a0L&rsquo;hypoth\u00e8se d&rsquo;une reprise de tous nos championnats est tr\u00e8s complexe \u00e0 mettre en oeuvre si [&hellip;]<\/p>\n","protected":false},"author":1790,"featured_media":0,"comment_status":"closed","ping_status":"closed","sticky":false,"template":"","format":"standard","meta":{"fifu_image_url":"","fifu_image_alt":"","footnotes":""},"categories":[53,75],"tags":[],"class_list":["post-84198","post","type-post","status-publish","format-standard","hentry","category-algerie","category-sport"],"_links":{"self":[{"href":"https:\/\/linitiative.ca\/International\/wp-json\/wp\/v2\/posts\/84198","targetHints":{"allow":["GET"]}}],"collection":[{"href":"https:\/\/linitiative.ca\/International\/wp-json\/wp\/v2\/posts"}],"about":[{"href":"https:\/\/linitiative.ca\/International\/wp-json\/wp\/v2\/types\/post"}],"author":[{"embeddable":true,"href":"https:\/\/linitiative.ca\/International\/wp-json\/wp\/v2\/users\/1790"}],"replies":[{"embeddable":true,"href":"https:\/\/linitiative.ca\/International\/wp-json\/wp\/v2\/comments?post=84198"}],"version-history":[{"count":0,"href":"https:\/\/linitiative.ca\/International\/wp-json\/wp\/v2\/posts\/84198\/revisions"}],"wp:attachment":[{"href":"https:\/\/linitiative.ca\/International\/wp-json\/wp\/v2\/media?parent=84198"}],"wp:term":[{"taxonomy":"category","embeddable":true,"href":"https:\/\/linitiative.ca\/International\/wp-json\/wp\/v2\/categories?post=84198"},{"taxonomy":"post_tag","embeddable":true,"href":"https:\/\/linitiative.ca\/International\/wp-json\/wp\/v2\/tags?post=84198"}],"curies":[{"name":"wp","href":"https:\/\/api.w.org\/{rel}","templated":true}]}}