{"id":84199,"date":"2020-05-03T13:40:00","date_gmt":"2020-05-03T17:40:00","guid":{"rendered":"https:\/\/linitiative.ca\/International\/non-application-des-directives-presidentielles-des-walis-pourraient-etre-limoges\/"},"modified":"2020-05-03T13:40:00","modified_gmt":"2020-05-03T17:40:00","slug":"non-application-des-directives-presidentielles-des-walis-pourraient-etre-limoges","status":"publish","type":"post","link":"https:\/\/linitiative.ca\/International\/non-application-des-directives-presidentielles-des-walis-pourraient-etre-limoges\/","title":{"rendered":"Non application des directives pr\u00e9sidentielles : Des walis pourraient \u00eatre limog\u00e9s"},"content":{"rendered":"<p><br id=\"sep_para_1\" class=\"sep_para access\"\/><\/p>\n<div id=\"para_1\" class=\"para_36774270 resize\">\n<div class=\"photo shadow left\"><a href=\"javascript:void(0)\" rel=\"https:\/\/www.reflexiondz.net\/photo\/art\/grande\/45660276-36774270.jpg?v=1588531788&amp;ibox\" title=\"Non application des directives pr\u00e9sidentielles : Des walis pourraient \u00eatre limog\u00e9s\"><img decoding=\"async\" class=\"responsive c9\" src=\"https:\/\/www.reflexiondz.net\/photo\/art\/grande\/45660276-36774270.jpg?v=1588531788\" alt=\"Non application des directives pr\u00e9sidentielles : Des walis pourraient \u00eatre limog\u00e9s\" title=\"Non application des directives pr\u00e9sidentielles : Des walis pourraient \u00eatre limog\u00e9s\"\/><img decoding=\"async\" class=\"not-responsive\" src=\"https:\/\/www.reflexiondz.net\/photo\/art\/default\/45660276-36774270.jpg?v=1588531788\" alt=\"Non application des directives pr\u00e9sidentielles : Des walis pourraient \u00eatre limog\u00e9s\" title=\"Non application des directives pr\u00e9sidentielles : Des walis pourraient \u00eatre limog\u00e9s\"\/><\/a><\/div>\n<div class=\"texte access firstletter\">L\u2019heure de rendre des comptes ne devrait pas tarder \u00e0 sonner pour les walis, affirme le site bourse-dz. En f\u00e9vrier dernier cette corporation a \u00e9t\u00e9\u00a0 en effet invit\u00e9e par Abdelmadjid Tebboune\u00a0 \u00e0 redresser la barre et retourner au plus vite \u00e0 sa mission\u00a0 originelle. Des instructions fermes leurs avaient \u00e9t\u00e9 adress\u00e9es lors d\u2019une rencontre d\u2019un genre nouveau. L\u2019essentiel du message qui leur avait \u00e9t\u00e9 adresse pouvait alors se r\u00e9sumer en une phrase: l\u2019urgence d\u2019un retour \u00e0\u00a0 un travail de proximit\u00e9, d\u2019\u00e9coute du citoyen bien souvent plong\u00e9 dans un d\u00e9sarroi d\u00e9voil\u00e9\u00a0 lors d\u2019un reportage diffus\u00e9 \u00e0\u00a0 cette occasion. Des images poignantes\u00a0 contenues\u00a0 dans un documentaire inattendu, ont d\u00e9fil\u00e9 sous les yeux\u00a0 des pr\u00e9sents. Intitul\u00e9 Zones d\u2019ombres, le reportage\u00a0 a mis\u00a0 \u00e0 nu une r\u00e9alit\u00e9 d\u00e9chirante. Sous les yeux des alg\u00e9riens qui ont pu eux aussi suivre en direct le documentaire retransmis par plusieurs chaines de t\u00e9l\u00e9vision, des directives tr\u00e8s fermes ont \u00e9t\u00e9 adress\u00e9es aux walis et ceux-ci ont \u00e9t\u00e9 somm\u00e9s d\u2019entamer un travail qui permettrait de commencer\u00a0 \u00e0 inverser la vapeur. Ordre leur a aussi \u00e9t\u00e9 donn\u00e9\u00a0 d\u2019axer leurs efforts pour\u00a0 le retour de la confiance des citoyens d\u00e9sabus\u00e9s et trop longtemps malmen\u00e9s. Il se trouve que les trois mois accord\u00e9s aux walis pour introduire de nouvelles habitudes se sont \u00e9coul\u00e9s sans qu\u2019aucune am\u00e9lioration ne soit observ\u00e9e dans beaucoup de case. Dans plusieurs r\u00e9gions du pays, les portes de ces repr\u00e9sentants de l\u2019Etat demeurent herm\u00e9tiquement ferm\u00e9es et leurs services administratifs tout autant confin\u00e9s dans les anciennes habitudes ind\u00e9collables. Des d\u00e9nonciations d\u2019abus ou d\u2019indiff\u00e9rence continuent \u00e0 se faire entendre ici et l\u00e0. Les d\u00e9buts de changements attendus n\u2019ont pas eu lieu. L\u2019\u00e9ch\u00e9ance fix\u00e9e par Tebboune approche, elle \u00e0 grand pas, des t\u00eates devraient tomber, murmure-t-on en coulisses.<\/div>\n<\/div>\n<p>Auteur: R\u00e9flexion<br \/>\n<a href=\"https:\/\/www.reflexiondz.net\/Non-application-des-directives-presidentielles-Des-walis-pourraient-etre-limoges_a62462.html\">Cliquez ici pour lire l&rsquo;article depuis sa source.<\/a><\/p>\n","protected":false},"excerpt":{"rendered":"<p>L\u2019heure de rendre des comptes ne devrait pas tarder \u00e0 sonner pour les walis, affirme le site bourse-dz. En f\u00e9vrier dernier cette corporation a \u00e9t\u00e9\u00a0 en effet invit\u00e9e par Abdelmadjid Tebboune\u00a0 \u00e0 redresser la barre et retourner au plus vite \u00e0 sa mission\u00a0 originelle. Des instructions fermes leurs avaient \u00e9t\u00e9 adress\u00e9es lors d\u2019une rencontre d\u2019un [&hellip;]<\/p>\n","protected":false},"author":1740,"featured_media":0,"comment_status":"closed","ping_status":"closed","sticky":false,"template":"","format":"standard","meta":{"fifu_image_url":"","fifu_image_alt":"","footnotes":""},"categories":[53,76],"tags":[],"class_list":["post-84199","post","type-post","status-publish","format-standard","hentry","category-algerie","category-regions"],"_links":{"self":[{"href":"https:\/\/linitiative.ca\/International\/wp-json\/wp\/v2\/posts\/84199","targetHints":{"allow":["GET"]}}],"collection":[{"href":"https:\/\/linitiative.ca\/International\/wp-json\/wp\/v2\/posts"}],"about":[{"href":"https:\/\/linitiative.ca\/International\/wp-json\/wp\/v2\/types\/post"}],"author":[{"embeddable":true,"href":"https:\/\/linitiative.ca\/International\/wp-json\/wp\/v2\/users\/1740"}],"replies":[{"embeddable":true,"href":"https:\/\/linitiative.ca\/International\/wp-json\/wp\/v2\/comments?post=84199"}],"version-history":[{"count":0,"href":"https:\/\/linitiative.ca\/International\/wp-json\/wp\/v2\/posts\/84199\/revisions"}],"wp:attachment":[{"href":"https:\/\/linitiative.ca\/International\/wp-json\/wp\/v2\/media?parent=84199"}],"wp:term":[{"taxonomy":"category","embeddable":true,"href":"https:\/\/linitiative.ca\/International\/wp-json\/wp\/v2\/categories?post=84199"},{"taxonomy":"post_tag","embeddable":true,"href":"https:\/\/linitiative.ca\/International\/wp-json\/wp\/v2\/tags?post=84199"}],"curies":[{"name":"wp","href":"https:\/\/api.w.org\/{rel}","templated":true}]}}