{"id":84200,"date":"2020-05-03T13:40:00","date_gmt":"2020-05-03T17:40:00","guid":{"rendered":"https:\/\/linitiative.ca\/International\/pensions-de-retraite-une-revalorisation-de-15-a-6-effective-a-compter-du-1er-mai\/"},"modified":"2020-05-03T13:40:00","modified_gmt":"2020-05-03T17:40:00","slug":"pensions-de-retraite-une-revalorisation-de-15-a-6-effective-a-compter-du-1er-mai","status":"publish","type":"post","link":"https:\/\/linitiative.ca\/International\/pensions-de-retraite-une-revalorisation-de-15-a-6-effective-a-compter-du-1er-mai\/","title":{"rendered":"PENSIONS DE RETRAITE  : Une revalorisation de 1,5% \u00e0 6%, effective \u00e0 compter du 1er mai"},"content":{"rendered":"<p><br id=\"sep_para_1\" class=\"sep_para access\"\/><\/p>\n<div id=\"para_1\" class=\"para_36774263 resize\">\n<div class=\"texte access firstletter\">Une revalorisation de la pension de retraite, allant de 1,5% \u00e0 6%, sera effective, \u00e0 compter du 1er juin, a fait savoir, samedi, la Caisse Nationale des Retraites avec effet r\u00e9troactif depuis ce 1er mai. Soulignant que\u00a0 cette d\u00e9cision avait pour but de consolider le pouvoir d\u2019achat, la CNR a pr\u00e9cis\u00e9 que la plus haute fourchette d\u2019augmentation ciblait les salaires inf\u00e9rieurs ou \u00e9gaux \u00e0 20.000 DA et la plus basse ceux sup\u00e9rieurs \u00e0 80.000 DA.<\/div>\n<\/div>\n<p>Auteur: Ismain<br \/>\n<a href=\"https:\/\/www.reflexiondz.net\/PENSIONS-DE-RETRAITE-Une-revalorisation-de-15-a-6--effective-a-compter-du-1er-mai_a62461.html\">Cliquez ici pour lire l&rsquo;article depuis sa source.<\/a><\/p>\n","protected":false},"excerpt":{"rendered":"<p>Une revalorisation de la pension de retraite, allant de 1,5% \u00e0 6%, sera effective, \u00e0 compter du 1er juin, a fait savoir, samedi, la Caisse Nationale des Retraites avec effet r\u00e9troactif depuis ce 1er mai. Soulignant que\u00a0 cette d\u00e9cision avait pour but de consolider le pouvoir d\u2019achat, la CNR a pr\u00e9cis\u00e9 que la plus haute [&hellip;]<\/p>\n","protected":false},"author":1740,"featured_media":0,"comment_status":"closed","ping_status":"closed","sticky":false,"template":"","format":"standard","meta":{"fifu_image_url":"","fifu_image_alt":"","footnotes":""},"categories":[53,76],"tags":[],"class_list":["post-84200","post","type-post","status-publish","format-standard","hentry","category-algerie","category-regions"],"_links":{"self":[{"href":"https:\/\/linitiative.ca\/International\/wp-json\/wp\/v2\/posts\/84200","targetHints":{"allow":["GET"]}}],"collection":[{"href":"https:\/\/linitiative.ca\/International\/wp-json\/wp\/v2\/posts"}],"about":[{"href":"https:\/\/linitiative.ca\/International\/wp-json\/wp\/v2\/types\/post"}],"author":[{"embeddable":true,"href":"https:\/\/linitiative.ca\/International\/wp-json\/wp\/v2\/users\/1740"}],"replies":[{"embeddable":true,"href":"https:\/\/linitiative.ca\/International\/wp-json\/wp\/v2\/comments?post=84200"}],"version-history":[{"count":0,"href":"https:\/\/linitiative.ca\/International\/wp-json\/wp\/v2\/posts\/84200\/revisions"}],"wp:attachment":[{"href":"https:\/\/linitiative.ca\/International\/wp-json\/wp\/v2\/media?parent=84200"}],"wp:term":[{"taxonomy":"category","embeddable":true,"href":"https:\/\/linitiative.ca\/International\/wp-json\/wp\/v2\/categories?post=84200"},{"taxonomy":"post_tag","embeddable":true,"href":"https:\/\/linitiative.ca\/International\/wp-json\/wp\/v2\/tags?post=84200"}],"curies":[{"name":"wp","href":"https:\/\/api.w.org\/{rel}","templated":true}]}}