{"id":84201,"date":"2020-05-03T13:40:00","date_gmt":"2020-05-03T17:40:00","guid":{"rendered":"https:\/\/linitiative.ca\/International\/oulmi-voyageait-a-bord-dun-jet-prive-loue-a-600-000-da-de-lheure\/"},"modified":"2020-05-03T13:40:00","modified_gmt":"2020-05-03T17:40:00","slug":"oulmi-voyageait-a-bord-dun-jet-prive-loue-a-600-000-da-de-lheure","status":"publish","type":"post","link":"https:\/\/linitiative.ca\/International\/oulmi-voyageait-a-bord-dun-jet-prive-loue-a-600-000-da-de-lheure\/","title":{"rendered":"Oulmi voyageait  \u00e0 bord d\u2019un jet priv\u00e9 lou\u00e9 \u00e0 600 000 DA de l\u2019heure"},"content":{"rendered":"<p><br id=\"sep_para_1\" class=\"sep_para access\"\/><\/p>\n<div id=\"para_1\" class=\"para_36774271 resize\">\n<div class=\"texte access firstletter\">L\u2019enqu\u00eate qui a men\u00e9 \u00e0 l\u2019inculpation de l\u2019homme d\u2019affaire Mourad Oulmi a r\u00e9v\u00e9l\u00e9 une multitude de biens immobiliers \u00e0 l\u2019\u00e9tranger r\u00e9sultat de blanchiment d\u2019argent et de transfert ill\u00e9gal de fond \u00e0 partir du territoire national, a indiqu\u00e9 une source m\u00e9diatique, citant des sources proches de l\u2019affaire.\u00a0\u00a0 Repr\u00e9sentant de quatre marques automobiles dont Skoda, Mourad Oulmi d\u00e9tient aussi des de soci\u00e9t\u00e9s dans le m\u00eame domaine en Espagne et en Allemagne, indique ce samedi la m\u00eame source. Dans ce contexte, l\u2019enqu\u00eate a r\u00e9v\u00e9l\u00e9 un nombre record de d\u00e9placements de l\u2019homme d\u2019affaire \u00e0 l\u2019\u00e9tranger. \u00ab 157 voyages effectu\u00e9s entre f\u00e9vrier 2017 et mars 2019, et 18 entr\u00e9es et sorties du territoire national \u00e0 bord d\u2019un jet priv\u00e9 lou\u00e9 \u00e0 600 000 DA de l\u2019heure \u00bb, indique la m\u00eame source. Il expliquait ces voyages fr\u00e9quents, notamment en France son lieu de r\u00e9sidence puisqu\u2019il il d\u00e9teint aussi la nationalit\u00e9 fran\u00e7aise, pour des examens m\u00e9dicaux. Quant aux voyages \u00e0 bord du jet priv\u00e9, il avouait qu\u2019ils sont r\u00e9serv\u00e9s \u00e0 des vacances et des escapades saisonni\u00e8res.<\/div>\n<\/div>\n<p>Auteur: R\u00e9flexion<br \/>\n<a href=\"https:\/\/www.reflexiondz.net\/Oulmi-voyageait-a-bord-d-un-jet-prive-loue-a-600-000-DA-de-l-heure_a62463.html\">Cliquez ici pour lire l&rsquo;article depuis sa source.<\/a><\/p>\n","protected":false},"excerpt":{"rendered":"<p>L\u2019enqu\u00eate qui a men\u00e9 \u00e0 l\u2019inculpation de l\u2019homme d\u2019affaire Mourad Oulmi a r\u00e9v\u00e9l\u00e9 une multitude de biens immobiliers \u00e0 l\u2019\u00e9tranger r\u00e9sultat de blanchiment d\u2019argent et de transfert ill\u00e9gal de fond \u00e0 partir du territoire national, a indiqu\u00e9 une source m\u00e9diatique, citant des sources proches de l\u2019affaire.\u00a0\u00a0 Repr\u00e9sentant de quatre marques automobiles dont Skoda, Mourad Oulmi [&hellip;]<\/p>\n","protected":false},"author":1740,"featured_media":0,"comment_status":"closed","ping_status":"closed","sticky":false,"template":"","format":"standard","meta":{"fifu_image_url":"","fifu_image_alt":"","footnotes":""},"categories":[53,76],"tags":[],"class_list":["post-84201","post","type-post","status-publish","format-standard","hentry","category-algerie","category-regions"],"_links":{"self":[{"href":"https:\/\/linitiative.ca\/International\/wp-json\/wp\/v2\/posts\/84201","targetHints":{"allow":["GET"]}}],"collection":[{"href":"https:\/\/linitiative.ca\/International\/wp-json\/wp\/v2\/posts"}],"about":[{"href":"https:\/\/linitiative.ca\/International\/wp-json\/wp\/v2\/types\/post"}],"author":[{"embeddable":true,"href":"https:\/\/linitiative.ca\/International\/wp-json\/wp\/v2\/users\/1740"}],"replies":[{"embeddable":true,"href":"https:\/\/linitiative.ca\/International\/wp-json\/wp\/v2\/comments?post=84201"}],"version-history":[{"count":0,"href":"https:\/\/linitiative.ca\/International\/wp-json\/wp\/v2\/posts\/84201\/revisions"}],"wp:attachment":[{"href":"https:\/\/linitiative.ca\/International\/wp-json\/wp\/v2\/media?parent=84201"}],"wp:term":[{"taxonomy":"category","embeddable":true,"href":"https:\/\/linitiative.ca\/International\/wp-json\/wp\/v2\/categories?post=84201"},{"taxonomy":"post_tag","embeddable":true,"href":"https:\/\/linitiative.ca\/International\/wp-json\/wp\/v2\/tags?post=84201"}],"curies":[{"name":"wp","href":"https:\/\/api.w.org\/{rel}","templated":true}]}}