{"id":84202,"date":"2020-05-03T13:41:00","date_gmt":"2020-05-03T17:41:00","guid":{"rendered":"https:\/\/linitiative.ca\/International\/noureddine-bedoui-devant-la-cour-supreme\/"},"modified":"2020-05-03T13:41:00","modified_gmt":"2020-05-03T17:41:00","slug":"noureddine-bedoui-devant-la-cour-supreme","status":"publish","type":"post","link":"https:\/\/linitiative.ca\/International\/noureddine-bedoui-devant-la-cour-supreme\/","title":{"rendered":"Noureddine  Bedoui devant  la Cour supr\u00eame"},"content":{"rendered":"<p><br id=\"sep_para_1\" class=\"sep_para access\"\/><\/p>\n<div id=\"para_1\" class=\"para_36774273 resize\">\n<div class=\"texte access firstletter\">L\u2019ancien chef du gouvernement et ministre de l\u2019int\u00e9rieur sous la pr\u00e9sidence de Bouteflika, Noureddine Bedoui va bient\u00f4t \u00eatre auditionn\u00e9 par les juges enqu\u00eateurs de la Cour supr\u00eame (Alger), a rapport\u00e9 le quotidien Le Soir d\u2019Alg\u00e9rie.\u00a0 Selon la source, la convocation de l\u2019ancien ministre a un lien avec la collecte des 5 millions de signatures au profit du candidat Abdelaziz Bouteflika. Nomm\u00e9 le 11 mars 2019 premier ministre par le pr\u00e9sident d\u00e9chu Bouteflika, Bedoui a d\u00e9missionn\u00e9 quelques jours apr\u00e8s l\u2019\u00e9lection du pr\u00e9sident Tebboune.<\/div>\n<\/div>\n<p>Auteur: R\u00e9flexion<br \/>\n<a href=\"https:\/\/www.reflexiondz.net\/Noureddine-Bedoui-devant-la-Cour-supreme_a62465.html\">Cliquez ici pour lire l&rsquo;article depuis sa source.<\/a><\/p>\n","protected":false},"excerpt":{"rendered":"<p>L\u2019ancien chef du gouvernement et ministre de l\u2019int\u00e9rieur sous la pr\u00e9sidence de Bouteflika, Noureddine Bedoui va bient\u00f4t \u00eatre auditionn\u00e9 par les juges enqu\u00eateurs de la Cour supr\u00eame (Alger), a rapport\u00e9 le quotidien Le Soir d\u2019Alg\u00e9rie.\u00a0 Selon la source, la convocation de l\u2019ancien ministre a un lien avec la collecte des 5 millions de signatures au [&hellip;]<\/p>\n","protected":false},"author":1740,"featured_media":0,"comment_status":"closed","ping_status":"closed","sticky":false,"template":"","format":"standard","meta":{"fifu_image_url":"","fifu_image_alt":"","footnotes":""},"categories":[53,76],"tags":[],"class_list":["post-84202","post","type-post","status-publish","format-standard","hentry","category-algerie","category-regions"],"_links":{"self":[{"href":"https:\/\/linitiative.ca\/International\/wp-json\/wp\/v2\/posts\/84202","targetHints":{"allow":["GET"]}}],"collection":[{"href":"https:\/\/linitiative.ca\/International\/wp-json\/wp\/v2\/posts"}],"about":[{"href":"https:\/\/linitiative.ca\/International\/wp-json\/wp\/v2\/types\/post"}],"author":[{"embeddable":true,"href":"https:\/\/linitiative.ca\/International\/wp-json\/wp\/v2\/users\/1740"}],"replies":[{"embeddable":true,"href":"https:\/\/linitiative.ca\/International\/wp-json\/wp\/v2\/comments?post=84202"}],"version-history":[{"count":0,"href":"https:\/\/linitiative.ca\/International\/wp-json\/wp\/v2\/posts\/84202\/revisions"}],"wp:attachment":[{"href":"https:\/\/linitiative.ca\/International\/wp-json\/wp\/v2\/media?parent=84202"}],"wp:term":[{"taxonomy":"category","embeddable":true,"href":"https:\/\/linitiative.ca\/International\/wp-json\/wp\/v2\/categories?post=84202"},{"taxonomy":"post_tag","embeddable":true,"href":"https:\/\/linitiative.ca\/International\/wp-json\/wp\/v2\/tags?post=84202"}],"curies":[{"name":"wp","href":"https:\/\/api.w.org\/{rel}","templated":true}]}}