{"id":84206,"date":"2020-05-03T10:04:00","date_gmt":"2020-05-03T14:04:00","guid":{"rendered":"https:\/\/linitiative.ca\/International\/lautorisation-dexportation-des-masques-annulee-les-confectionneurs-peuvent-reprendre-leurs-expeditions\/"},"modified":"2020-05-03T10:04:00","modified_gmt":"2020-05-03T14:04:00","slug":"lautorisation-dexportation-des-masques-annulee-les-confectionneurs-peuvent-reprendre-leurs-expeditions","status":"publish","type":"post","link":"https:\/\/linitiative.ca\/International\/lautorisation-dexportation-des-masques-annulee-les-confectionneurs-peuvent-reprendre-leurs-expeditions\/","title":{"rendered":"L\u2019autorisation d\u2019exportation des masques, annul\u00e9e : les confectionneurs peuvent reprendre leurs exp\u00e9ditions"},"content":{"rendered":"<div readability=\"37.218637992832\">\n<p>L\u2019interdiction de l\u2019exportation des masques confectionn\u00e9s par les textiliens, vient d\u2019\u00eatre lev\u00e9e. Les industriels tunisiens sont d\u00e9sormais autoris\u00e9s \u00e0 exp\u00e9dier leurs produits, apprend Leaders de source officielle. Cette sage d\u00e9cision en a \u00e9t\u00e9 prise lors d\u2019une r\u00e9union tenue ce matin \u00e0 la Kasbah, groupant les ministres des Finances, du Commerce, de l\u2019Industrie et du Commerce. Elle sauve tout un secteur, entreprises et travailleurs.<\/p>\n<p><span class=\"c2\"><strong>Lire aussi :<\/strong><\/span> <a href=\"https:\/\/www.leaders.com.tn\/article\/29826-les-masques-qui-demasquent-la-mauvaise-gouvernance-laissez-les-industriels-exporter\"><span class=\"c2\"><strong>Les masques qui d\u00e9masquent la mauvaise gouvernance : laissez les industriels exporter<\/strong><\/span><\/a><br \/>\u00a0<\/p>\n<\/div>\n<div readability=\"10\">\n<div class=\"col-xs-2 col-sm-2 col-md-1 col-lg-1\"><img decoding=\"async\" src=\"\/images\/front\/img_commentaire.png\" alt=\"\"\/><\/div>\n<div class=\"col-xs-10 col-sm-10 col-md-11 col-lg-11\" readability=\"15\">\n<p><strong>Gammoudi med fethi<\/strong> &#8211; 03-05-2020 15:22<\/p>\n<p>Slt,vous avez particip\u00e9 \u00e0 annuler cette mauvaise loi et d ailleurs elle est n est pas la derni\u00e8re et d ailleurs chaque jour on nous montre les b\u00e9vues q aucun gouvernement n y a fait autant et la derni\u00e8re le confinement des moins de 15 ans et l annulement,la mani\u00e8re d aides financi\u00e8res, l annonce de jerba comme fief de pand\u00e9mie et ce 4\/5 quelques 250000 de patrons attendent l autorisation de circulation pour eux et leurs ouvriers par sms tandis que les minist\u00e8res sont en cong\u00e9 jusqu&rsquo;\u00e0 lundi 4\/5\/<\/p>\n<\/div>\n<\/div>\n<p>Auteur:<br \/>\n<a href=\"https:\/\/www.leaders.com.tn\/article\/29827-l-autorisation-d-exportation-des-masques-annulee-les-confectionneurs-peuvent-reprendre-leurs-expeditions\">Cliquez ici pour lire l&rsquo;article depuis sa source.<\/a><\/p>\n","protected":false},"excerpt":{"rendered":"<p>L\u2019interdiction de l\u2019exportation des masques confectionn\u00e9s par les textiliens, vient d\u2019\u00eatre lev\u00e9e. Les industriels tunisiens sont d\u00e9sormais autoris\u00e9s \u00e0 exp\u00e9dier leurs produits, apprend Leaders de source officielle. Cette sage d\u00e9cision en a \u00e9t\u00e9 prise lors d\u2019une r\u00e9union tenue ce matin \u00e0 la Kasbah, groupant les ministres des Finances, du Commerce, de l\u2019Industrie et du Commerce. [&hellip;]<\/p>\n","protected":false},"author":1772,"featured_media":84207,"comment_status":"closed","ping_status":"closed","sticky":false,"template":"","format":"standard","meta":{"fifu_image_url":"","fifu_image_alt":"","footnotes":""},"categories":[73,55],"tags":[],"class_list":["post-84206","post","type-post","status-publish","format-standard","has-post-thumbnail","hentry","category-actualite","category-tunisie"],"_links":{"self":[{"href":"https:\/\/linitiative.ca\/International\/wp-json\/wp\/v2\/posts\/84206","targetHints":{"allow":["GET"]}}],"collection":[{"href":"https:\/\/linitiative.ca\/International\/wp-json\/wp\/v2\/posts"}],"about":[{"href":"https:\/\/linitiative.ca\/International\/wp-json\/wp\/v2\/types\/post"}],"author":[{"embeddable":true,"href":"https:\/\/linitiative.ca\/International\/wp-json\/wp\/v2\/users\/1772"}],"replies":[{"embeddable":true,"href":"https:\/\/linitiative.ca\/International\/wp-json\/wp\/v2\/comments?post=84206"}],"version-history":[{"count":0,"href":"https:\/\/linitiative.ca\/International\/wp-json\/wp\/v2\/posts\/84206\/revisions"}],"wp:featuredmedia":[{"embeddable":true,"href":"https:\/\/linitiative.ca\/International\/wp-json\/"}],"wp:attachment":[{"href":"https:\/\/linitiative.ca\/International\/wp-json\/wp\/v2\/media?parent=84206"}],"wp:term":[{"taxonomy":"category","embeddable":true,"href":"https:\/\/linitiative.ca\/International\/wp-json\/wp\/v2\/categories?post=84206"},{"taxonomy":"post_tag","embeddable":true,"href":"https:\/\/linitiative.ca\/International\/wp-json\/wp\/v2\/tags?post=84206"}],"curies":[{"name":"wp","href":"https:\/\/api.w.org\/{rel}","templated":true}]}}