{"id":84209,"date":"2020-05-03T12:00:00","date_gmt":"2020-05-03T16:00:00","guid":{"rendered":"https:\/\/linitiative.ca\/International\/le-combat-pour-sauver-la-vie-leconomie-et-le-revenu-rapporte-en-direct-par-leaders-magazine-de-ce-mois-de-mai-2020-video\/"},"modified":"2020-05-03T12:00:00","modified_gmt":"2020-05-03T16:00:00","slug":"le-combat-pour-sauver-la-vie-leconomie-et-le-revenu-rapporte-en-direct-par-leaders-magazine-de-ce-mois-de-mai-2020-video","status":"publish","type":"post","link":"https:\/\/linitiative.ca\/International\/le-combat-pour-sauver-la-vie-leconomie-et-le-revenu-rapporte-en-direct-par-leaders-magazine-de-ce-mois-de-mai-2020-video\/","title":{"rendered":"Le combat pour sauver la vie, l\u2019\u00e9conomie et le revenu rapport\u00e9 en direct par Leaders Magazine de ce mois de mai 2020 (Vid\u00e9o)"},"content":{"rendered":"<p>Trois s\u00e9quences fortes s\u2019imposent d\u2019elles-m\u00eames en couverture de <strong><span class=\"c2\">Leaders Magazine<\/span><\/strong> (N\u00b0108) de ce mois de mai 2020, sous un titre f\u00e9d\u00e9rateur\u00a0: sauvez. D\u2019abord le combat en premi\u00e8re ligne de front de tous les soignants. Du professeur en m\u00e9decine \u00e0 la ling\u00e8re, des param\u00e9dicaux aux brancardiers, \u00e9lectriciens, cuisiniers, et autres invisibles, ont tous port\u00e9 une blouse blanche, s\u2019\u00e9lan\u00e7ant d\u2019un m\u00eame \u00e9lan en un corps soud\u00e9, pour sauver des vies humaines. Reportage exclusif, t\u00e9moignages de chefs de services et des images qui feront date. Et deux analyses pertinentes, sur les incertitudes (par le Pr Slaheddine Sellami) et les rituels mortuaires sous le confinement (par le Dr Sofiane Zribi).<\/p>\n<p class=\"c3\"><iframe loading=\"lazy\" src=\"https:\/\/www.youtube.com\/embed\/RFtSdoN8cn4\" allow=\"accelerometer; autoplay; encrypted-media; gyroscope; picture-in-picture\" allowfullscreen=\"\" width=\"560\" height=\"315\" frameborder=\"0\">[embedded content]<\/iframe><\/p>\n<p><span class=\"c4\"><strong>A quoi sert de sauver la vie humaine, sans sauver aussi l\u2019\u00e9conomie, les finances, l\u2019emploi, le revenu\u00a0?<\/strong><\/span> Le gouverneur de la Banque centrale, Marouane El Abassi, le ministre des Finances, Nizar Ya\u00efche et le ministre du D\u00e9veloppement, de l\u2019Investissement et de la Coop\u00e9ration internationale, Selim Azzabi, mettent tout sur la table. Sans tabous ni langue de bois, ils ont r\u00e9pondu aux questions de Leaders. Interviews exclusives, avec des r\u00e9v\u00e9lations instructives. L\u2019analyse du Pr Abderrazak Zouari, professeur des universit\u00e9s et ancien ministre du D\u00e9veloppement dans le gouvernement de B\u00e9ji Ca\u00efd Essebsi (2011), nous \u00e9claire sur la reconstruction et explore les contours du jour d\u2019apr\u00e8s.<\/p>\n<p><span class=\"c4\"><strong>Le droit reste fondamental.<\/strong><\/span> L\u00e9gif\u00e9rer en temps de crise, encore plus sous la cloche de la r\u00e9clusion g\u00e9n\u00e9rale et l\u2019effondrement \u00e9conomique, rel\u00e8ve lui aussi de l\u2019exception, mais dans la continuit\u00e9 de l\u2019Etat de droit. Les Prs Hatem Kotrane et Afef Hammami Marrakchi passent au peigne fin les textes pris par le gouvernement Fakhfakh.<\/p>\n<h2>Un contenu riche et vari\u00e9<\/h2>\n<p>Les trois p\u00f4les, sant\u00e9, \u00e9conomie et droit qui occupent la partie centrale de <strong><span class=\"c2\">Leaders Magazine<\/span><\/strong> (N\u00b0108) de ce mois de mai, n\u2019accaparent pas pour autant l\u2019ensemble du contenu.<\/p>\n<p><span class=\"c4\"><strong>Politique\u00a0:<\/strong><\/span> comment Mohamed Abbou investi de ses nouvelles attributions et de ses pouvoirs \u00e9tendus, d\u00e9j\u00e0 ministre d\u2019\u00c9tat, s\u2019\u00e9rige en vice-chef de gouvernement\u00a0?<\/p>\n<p><span class=\"c4\"><strong>P\u00e9trole :\u00a0<\/strong><\/span> Kamel Bennaceur explique les coulisses de la d\u00e9gringolade historique du prix du baril.<\/p>\n<p><span class=\"c4\"><strong>International :<\/strong><\/span> Joe Biden l&#8217;emportera-il contre Trump?\u00a0Tout sur le breakfast qu&rsquo;il avait offert chez-lui \u00e0 B\u00e9ji Ca\u00efd Essebsi.\u00a0Et r\u00e9v\u00e9lation du grand secret entre BCE et Barack Obama.<\/p>\n<p><span class=\"c4\"><strong>Histoire :<\/strong><\/span> le Pr Mohamed El Aziz Ben Achour, nous rappelle les grandes pand\u00e9mies qui avaient \u00e9maill\u00e9 l\u2019histoire de la Tunisie. Alors que le Pr Ammar Mahjoubi, revient sur les origines de Tunis<\/p>\n<p><span class=\"c4\"><strong>La rubrique hommage est bien garnie dans ce num\u00e9ro.<\/strong><\/span> Fig\u00e9s par la r\u00e9clusion, ceux qui perdent un proche voient s\u2019ajouter \u00e0 leur deuil, la double dure \u00e9preuve de ne pas l\u2019accompagner jusqu\u2019\u00e0 sa derni\u00e8re demeure, et de ne pas se rendre aupr\u00e8s de sa famille pour lui t\u00e9moigner de sa compassion. Parmi les pertes d\u00e9plor\u00e9es, un hommage est rendu \u00e0 Leila Menchari (Herm\u00e8s), Slaiem Affes (capitaine d\u2019industrie), Mohsen Mnif, le grand ing\u00e9nieur des a\u00e9roports de Tunisie et le p\u00e8re Michel Lelong.<\/p>\n<p><span class=\"c4\"><strong>Sans oublier<\/strong><\/span> le billet de H\u00e9di B\u00e9hi, la chronique du Pr Riadh Zghal, la tribune de Habib Touhami, les nouvelles exclusives et les nominations r\u00e9centes.<\/p>\n<h2>Gardons ce lien<\/h2>\n<p>Avec la reprise \u00e0 plein r\u00e9gime de notre fid\u00e8le imprimeur Simpact, et des messageries de presse, <strong><span class=\"c2\">Leaders Magazine<\/span><\/strong> (N\u00b0108) sera de nouveau en kiosque, et achemin\u00e9e aux abonn\u00e9s par La Poste et en livraison par porteur.<\/p>\n<p>Le d\u00e9confinement n\u2019\u00e9tant cependant que limit\u00e9, et les kiosques n\u2019\u00e9tant pas tous rouverts, nous avons tenus \u00e0 offrir \u00e0 tous nos lecteurs de t\u00e9l\u00e9charger gratuitement ce num\u00e9ro, comme nous l\u2019avions fait pour le pr\u00e9c\u00e9dent, afin de ne pas les priver d\u2019une lecture utile.<\/p>\n<p>Une mention sp\u00e9ciale s\u2019impose. Cette livraison de Leaders Magazine a \u00e9t\u00e9 enti\u00e8re r\u00e9alis\u00e9e en t\u00e9l\u00e9travail, jusqu\u2019\u00e0 l\u2019envoi des fichiers \u00e0 l\u2019imprimerie. A l\u2019exception des reportages photos de certaines interviews, tout a \u00e9t\u00e9 effectu\u00e9 par \u00e9crans interpos\u00e9s. Un hommage ponctu\u00e9 m\u00e9rite d\u2019\u00eatre rendu \u00e0 toutes nos \u00e9quipes, r\u00e9dactionnelles, marketing, artistiques et graphiques qui ont r\u00e9ussi cet exploit. Mais aussi \u00e0 nos fid\u00e8les lecteurs et nos annonceurs qui nous t\u00e9moignent de leur soutien. C\u2019est \u00e0 ce lien pr\u00e9cieux que nous veillons le plus\u00a0: gardons-le.<\/p>\n<p><a href=\"https:\/\/www.leaders.com.tn\/uploads\/FCK_files\/Leaders%20N%C2%B0108-Mai%202020-Diffusion-Page%20%C3%A0%20page.pdf?fbclid=IwAR3Vyh2yX4au5QRsbxCsd0PXg6Yg0flaJzvO9MUf7cXwmM-BH81Bgal1tqc\" target=\"_blank\" rel=\"noopener noreferrer\">T\u00e9l\u00e9charger<\/a> <strong><span class=\"c2\">Leaders Magazine<\/span><\/strong> (N\u00b0108)<\/p>\n<p><span class=\"c7\"><span class=\"c4\"><strong>Editorial<\/strong><\/span><\/span><\/p>\n<p><span class=\"c4\"><strong>\u2022<\/strong><\/span> <a href=\"https:\/\/www.leaders.com.tn\/article\/29808-edito-de-taoufik-habaieb-face-a-l-exuberance-l-humilite\">Face \u00e0 l&rsquo;exub\u00e9rance, l&rsquo;humilit\u00e9<\/a><\/p>\n<p><span class=\"c8\"><em>\u00a0\u00a0\u00a0 Par Taoufik Haba\u00efeb<\/em><\/span><\/p>\n<p><span class=\"c7\"><span class=\"c4\"><strong>Opinion<\/strong><\/span><\/span><\/p>\n<p><span class=\"c4\"><strong>\u2022<\/strong><\/span> \u00abLa n\u00e9cessit\u00e9 est la m\u00e8re de l\u2019invention\u00bb<\/p>\n<p><span class=\"c8\"><em>\u00a0\u00a0 Par Riadh Zghal<\/em><\/span><\/p>\n<p><span class=\"c7\"><span class=\"c4\"><strong>En couverture<\/strong><\/span><\/span><\/p>\n<p><span class=\"c4\"><strong>\u2022<\/strong><\/span> <a href=\"https:\/\/www.leaders.com.tn\/article\/29821-exclusif-marouane-el-abassi-sauver-nos-entreprises-de-la-faillite-et-de-preserver-les-emplois\">Marouane El Abassi: sauver les entreprises, pr\u00e9server les emplois<\/a><\/p>\n<p><span class=\"c4\"><strong>\u2022<\/strong><\/span> Nizar Ya\u00efche : comment maintenir la Tunisie \u00e0 flot<\/p>\n<p><span class=\"c4\"><strong>\u2022<\/strong><\/span> S\u00e9lim Azzabi : Financer, rationaliser, reconfigurer\u2026<\/p>\n<p><span class=\"c4\"><strong>\u2022<\/strong><\/span> <a href=\"https:\/\/www.leaders.com.tn\/article\/29816-abderrazak-zouari-faire-face-et-se-reconstruire-le-jour-d-apres\">Faire face et se reconstruire : le jour d\u2019apr\u00e8s<\/a>\u00a0<br \/><span class=\"c8\"><em>\u00a0\u00a0 Par Abderrazak Zouari<\/em><\/span><\/p>\n<p><span class=\"c4\"><strong>\u2022<\/strong><\/span> En direct de la ligne de front : ces h\u00e9ros tous en blouses blanches<\/p>\n<p><span class=\"c4\"><strong>\u2022<\/strong><\/span> <a href=\"https:\/\/www.leaders.com.tn\/article\/29774-dr-slaheddine-sellami-face-au-covid-19-tant-d-incertitudes\">Tant d\u2019incertitudes<\/a><br \/><span class=\"c8\"><em>\u00a0\u00a0 Par Professeur Slaheddine Sellami<\/em><\/span><\/p>\n<p><span class=\"c4\"><strong>\u2022<\/strong><\/span> <a href=\"https:\/\/www.leaders.com.tn\/article\/29589-mort-et-deuil-au-temps-du-corona\">Mort et deuil au temps du Corona<\/a><br \/><span class=\"c8\"><em>\u00a0\u00a0 Par Sofiane Zribi<\/em><\/span><\/p>\n<p><span class=\"c4\"><strong>\u2022<\/strong><\/span><a href=\"https:\/\/www.leaders.com.tn\/article\/29703-covid-19-les-droits-de-l-enfant-en-confinement\">Covid-19 : les droits de l\u2019enfant en confinement ?<\/a><br \/><span class=\"c8\"><em>\u00a0\u00a0 Par Hatem Kotrane<\/em><\/span><\/p>\n<p><span class=\"c4\"><strong>\u2022<\/strong><\/span> <a href=\"https:\/\/www.leaders.com.tn\/article\/29661-afef-hammami-marrakchi-pouvoir-local-et-sanctions-administratives\">Pouvoir local et sanctions administratives<\/a><\/p>\n<p><span class=\"c8\"><em>\u00a0\u00a0 Par Afef Hammami Marrakchi<\/em><\/span><\/p>\n<p><span class=\"c7\"><span class=\"c4\">Chronique<\/span><\/span><\/p>\n<p><span class=\"c4\"><strong>\u2022<\/strong><\/span> Le calendrier \u00e9lectoral : sens et irrationalit\u00e9<br \/><span class=\"c8\"><em>\u00a0\u00a0 Par Habib Touhami<\/em><\/span><\/p>\n<p><span class=\"c4\"><span class=\"c7\"><strong>International<\/strong><\/span><\/span><\/p>\n<p><span class=\"c4\"><strong>\u2022<\/strong><\/span> Biden tient la corde pour la Maison-Blanche: L\u2019emportera-t-il contre Trump ?<\/p>\n<p><span class=\"c4\"><strong>\u2022<\/strong><\/span> Le grand secret entre : Ca\u00efd Essebsi et Obama<\/p>\n<p><span class=\"c4\"><span class=\"c7\"><strong>Soci\u00e9t\u00e9<\/strong><\/span><\/span><\/p>\n<p><span class=\"c4\"><strong>\u2022<\/strong><\/span> Les \u00e9pid\u00e9mies dans l\u2019histoire tunisienne<br \/><span class=\"c8\"><em>\u00a0\u00a0 Par Mohamed El Aziz Ben Achour<\/em><\/span><\/p>\n<p><span class=\"c4\"><strong>\u2022<\/strong><\/span> Aux origines de Tunis, l\u2019antique Tyn\u00e8s<br \/>\u00a0\u00a0 Par Ammar Mahjoubi<\/p>\n<p><span class=\"c4\"><strong>\u2022<\/strong><\/span> A la m\u00e9moire de Tahar Ben Ammar (1889-1985): Un authentique homme d\u2019Etat<br \/><span class=\"c8\"><em>\u00a0\u00a0 Par Ahmed Ouna\u00efes<\/em><\/span><\/p>\n<p><span class=\"c4\"><strong>\u2022<\/strong><\/span> <a href=\"https:\/\/www.leaders.com.tn\/recherche?q=Il%20%C3%A9tait%20une%20fois%20Leila%20Menchari\">Il \u00e9tait une fois Leila Menchari<\/a><\/p>\n<p><span class=\"c8\"><em>\u00a0\u00a0 Par Mich\u00e8le Gazier<br \/><\/em><\/span><\/p>\n<p><span class=\"c4\"><strong>\u2022<\/strong><\/span> <a href=\"https:\/\/www.leaders.com.tn\/article\/29591-olivier-poivre-d-arvor-leila-menchari-ma-reine-de-carthage\">Leila Menchari, ma Reine Mage<\/a><\/p>\n<p><span class=\"c8\"><em>\u00a0\u00a0 Par Olivier Poivre d&rsquo;Arvor<\/em><\/span><\/p>\n<p><span class=\"c4\"><strong>\u2022<\/strong><\/span> Slaiem Affes :l\u2019industriel innovateur<\/p>\n<p><span class=\"c4\"><strong>\u2022<\/strong><\/span> <a href=\"https:\/\/www.leaders.com.tn\/article\/29687-hommage-a-michel-lelong\">Michel Lelong : le Carthaginois, ami fid\u00e8le des musulmans, nous quitte\u00a0\u00a0\u00a0<\/a><br \/><span class=\"c8\"><em>\u00a0\u00a0 Par Samir Gharbi<\/em><\/span><\/p>\n<p><span class=\"c4\"><strong>\u2022<\/strong><\/span> Mohsen Mnif : Monsieur a\u00e9roports<\/p>\n<p><span class=\"c7\"><span class=\"c4\"><strong>Billet<\/strong><\/span><\/span><\/p>\n<p><span class=\"c4\"><strong>\u2022<\/strong><\/span> L\u2019humanit\u00e9 sera-t-elle sauv\u00e9e des eaux?<br \/><span class=\"c8\"><em>\u00a0\u00a0 Par H\u00e9di B\u00e9hi<\/em><\/span><\/p>\n<p>Auteur:<br \/>\n<a href=\"https:\/\/www.leaders.com.tn\/article\/29828-le-combat-pour-sauver-la-vie-l-economie-et-le-revenu-rapporte-en-direct-par-leaders-magazine-de-ce-mois-de-mai-2020\">Cliquez ici pour lire l&rsquo;article depuis sa source.<\/a><\/p>\n","protected":false},"excerpt":{"rendered":"<p>Trois s\u00e9quences fortes s\u2019imposent d\u2019elles-m\u00eames en couverture de Leaders Magazine (N\u00b0108) de ce mois de mai 2020, sous un titre f\u00e9d\u00e9rateur\u00a0: sauvez. D\u2019abord le combat en premi\u00e8re ligne de front de tous les soignants. Du professeur en m\u00e9decine \u00e0 la ling\u00e8re, des param\u00e9dicaux aux brancardiers, \u00e9lectriciens, cuisiniers, et autres invisibles, ont tous port\u00e9 une blouse [&hellip;]<\/p>\n","protected":false},"author":1772,"featured_media":0,"comment_status":"closed","ping_status":"closed","sticky":false,"template":"","format":"standard","meta":{"fifu_image_url":"","fifu_image_alt":"","footnotes":""},"categories":[73,55],"tags":[],"class_list":["post-84209","post","type-post","status-publish","format-standard","hentry","category-actualite","category-tunisie"],"_links":{"self":[{"href":"https:\/\/linitiative.ca\/International\/wp-json\/wp\/v2\/posts\/84209","targetHints":{"allow":["GET"]}}],"collection":[{"href":"https:\/\/linitiative.ca\/International\/wp-json\/wp\/v2\/posts"}],"about":[{"href":"https:\/\/linitiative.ca\/International\/wp-json\/wp\/v2\/types\/post"}],"author":[{"embeddable":true,"href":"https:\/\/linitiative.ca\/International\/wp-json\/wp\/v2\/users\/1772"}],"replies":[{"embeddable":true,"href":"https:\/\/linitiative.ca\/International\/wp-json\/wp\/v2\/comments?post=84209"}],"version-history":[{"count":0,"href":"https:\/\/linitiative.ca\/International\/wp-json\/wp\/v2\/posts\/84209\/revisions"}],"wp:attachment":[{"href":"https:\/\/linitiative.ca\/International\/wp-json\/wp\/v2\/media?parent=84209"}],"wp:term":[{"taxonomy":"category","embeddable":true,"href":"https:\/\/linitiative.ca\/International\/wp-json\/wp\/v2\/categories?post=84209"},{"taxonomy":"post_tag","embeddable":true,"href":"https:\/\/linitiative.ca\/International\/wp-json\/wp\/v2\/tags?post=84209"}],"curies":[{"name":"wp","href":"https:\/\/api.w.org\/{rel}","templated":true}]}}