{"id":84210,"date":"2020-05-03T13:00:00","date_gmt":"2020-05-03T17:00:00","guid":{"rendered":"https:\/\/linitiative.ca\/International\/marouane-el-abassi-une-baisse-du-pib-de-pres-de-4-est-estimee-pour-2020\/"},"modified":"2020-05-03T13:00:00","modified_gmt":"2020-05-03T17:00:00","slug":"marouane-el-abassi-une-baisse-du-pib-de-pres-de-4-est-estimee-pour-2020","status":"publish","type":"post","link":"https:\/\/linitiative.ca\/International\/marouane-el-abassi-une-baisse-du-pib-de-pres-de-4-est-estimee-pour-2020\/","title":{"rendered":"Marouane El Abassi : Une baisse du PIB de pr\u00e8s de 4% est estim\u00e9e pour 2020"},"content":{"rendered":"<p><span class=\"c3\">Les semaines suivantes seront d\u00e9cisives pour la Tunise, non seulement sur le plan sanitaire, mais aussi \u00e9conomique et financier.\u00a0C&rsquo;est ce qu&rsquo;affrime le gouverneur de la Banque centrale, Marouane El\u00a0Abassi, dans une interview accord\u00e9e \u00e0 <span class=\"c2\">Leaders<\/span>.<\/span><\/p>\n<p><span class=\"c4\"><strong>Comment s\u2019annoncent selon vous les perspectives finales de 2020\u00a0?<\/strong><\/span><\/p>\n<p>Selon les derni\u00e8res pr\u00e9visions, et \u00e0 condition que la normalisation s&rsquo;enclenche d\u00e8s le second semestre de l&rsquo;ann\u00e9e, la Tunisie devrait conna\u00eetre une baisse du PIB en termes r\u00e9els avoisinant les 4%.<\/p>\n<p>N\u00e9anmoins, les incertitudes entourant les pr\u00e9visions et les perspectives finales de 2020 d\u00e9pendent non seulement de la p\u00e9riode de confinement mais aussi de la dur\u00e9e de la reprise totale de l\u2019activit\u00e9.<\/p>\n<p>A mon sens, il y a une am\u00e9lioration progressive de la situation sanitaire qui se traduirait par un d\u00e9confinement progressif. Cela dit, les semaines suivantes seront d\u00e9cisives et l\u2019autodiscipline des citoyens reste primordiale pour \u00e9viter un confinement de longue dur\u00e9e.<br \/>Mais je voudrais finir sur une note positive,\u00a0 tirer les enseignements de cette crise et appeler \u00e0 saisir les opportunit\u00e9s qui pourraient jaillir. Nous sommes confront\u00e9s \u00e0 nos probl\u00e8mes, sans illusion aucune. De cette crise nous avons vu na\u00eetre un formidable \u00e9lan de solidarit\u00e9, une cr\u00e9ativit\u00e9 d\u00e9bordante, mais aussi la simplification des proc\u00e9dures et de la bureaucratie \u2026 Capitalisons sur ces r\u00e9alisations pour aller de l\u2019avant\u2026 La capacit\u00e9 de r\u00e9silience de la Tunisie, des Tunisiennes et des Tunisiens est toujours surprenante et exceptionnelle\u00a0!<\/p>\n<p><strong>Lire aussi<\/strong><br \/><a href=\"https:\/\/www.leaders.com.tn\/article\/29824-pour-le-gouverneur-de-la-banque-centrale-marouane-el-abassi-l-epargne-est-une-opportunite-et-le-decashing-un-imperatif\" target=\"_blank\" rel=\"noopener noreferrer\">Pour le gouverneur de la Banque Centrale, Marouane El Abassi, l\u2019\u00e9pargne est une opportunit\u00e9, et le decashing, un imp\u00e9ratif<\/a><br \/><a href=\"https:\/\/www.leaders.com.tn\/article\/29823-comment-marouane-el-abassi-entend-rendre-effectifs-le-soutien-et-l-accompagnement-bancaires-qu-il-juge-cruciaux\" target=\"_blank\" rel=\"noopener noreferrer\">Comment Marouane El Abassi entend rendre effectifs le soutien et l&rsquo;accompagnement bancaires aux entreprises<\/a><br \/><a href=\"https:\/\/www.leaders.com.tn\/article\/29822-marouane-el-abassi-a-leaders-marche-des-changes-un-certain-equilibre\" target=\"_blank\" rel=\"noopener noreferrer\">Marouane El Abassi : le march\u00e9 des changes va pr\u00e9server un certain \u00e9quilibre en termes d\u2019offre et de demande de devises<\/a><br \/><a href=\"https:\/\/www.leaders.com.tn\/article\/29821-exclusif-marouane-el-abassi-sauver-nos-entreprises-de-la-faillite-et-de-preserver-les-emplois\" target=\"_blank\" rel=\"noopener noreferrer\">Exclusif &#8211; Marouane El Abassi : Sauver nos entreprises de la faillite et pr\u00e9server les emplois<\/a><\/p>\n<p>Auteur:<br \/>\n<a href=\"https:\/\/www.leaders.com.tn\/article\/29825-marouane-el-abassi-une-baisse-du-pib-de-pres-de-4-est-estimee-pour-2020\">Cliquez ici pour lire l&rsquo;article depuis sa source.<\/a><\/p>\n","protected":false},"excerpt":{"rendered":"<p>Les semaines suivantes seront d\u00e9cisives pour la Tunise, non seulement sur le plan sanitaire, mais aussi \u00e9conomique et financier.\u00a0C&rsquo;est ce qu&rsquo;affrime le gouverneur de la Banque centrale, Marouane El\u00a0Abassi, dans une interview accord\u00e9e \u00e0 Leaders. Comment s\u2019annoncent selon vous les perspectives finales de 2020\u00a0? Selon les derni\u00e8res pr\u00e9visions, et \u00e0 condition que la normalisation s&rsquo;enclenche [&hellip;]<\/p>\n","protected":false},"author":1772,"featured_media":0,"comment_status":"closed","ping_status":"closed","sticky":false,"template":"","format":"standard","meta":{"fifu_image_url":"","fifu_image_alt":"","footnotes":""},"categories":[73,55],"tags":[],"class_list":["post-84210","post","type-post","status-publish","format-standard","hentry","category-actualite","category-tunisie"],"_links":{"self":[{"href":"https:\/\/linitiative.ca\/International\/wp-json\/wp\/v2\/posts\/84210","targetHints":{"allow":["GET"]}}],"collection":[{"href":"https:\/\/linitiative.ca\/International\/wp-json\/wp\/v2\/posts"}],"about":[{"href":"https:\/\/linitiative.ca\/International\/wp-json\/wp\/v2\/types\/post"}],"author":[{"embeddable":true,"href":"https:\/\/linitiative.ca\/International\/wp-json\/wp\/v2\/users\/1772"}],"replies":[{"embeddable":true,"href":"https:\/\/linitiative.ca\/International\/wp-json\/wp\/v2\/comments?post=84210"}],"version-history":[{"count":0,"href":"https:\/\/linitiative.ca\/International\/wp-json\/wp\/v2\/posts\/84210\/revisions"}],"wp:attachment":[{"href":"https:\/\/linitiative.ca\/International\/wp-json\/wp\/v2\/media?parent=84210"}],"wp:term":[{"taxonomy":"category","embeddable":true,"href":"https:\/\/linitiative.ca\/International\/wp-json\/wp\/v2\/categories?post=84210"},{"taxonomy":"post_tag","embeddable":true,"href":"https:\/\/linitiative.ca\/International\/wp-json\/wp\/v2\/tags?post=84210"}],"curies":[{"name":"wp","href":"https:\/\/api.w.org\/{rel}","templated":true}]}}