{"id":84224,"date":"2020-05-03T15:41:05","date_gmt":"2020-05-03T19:41:05","guid":{"rendered":"https:\/\/linitiative.ca\/International\/allegement-tous-azimuts-des-mesures-contre-le-covid-19-au-burkina\/"},"modified":"2020-05-03T15:41:05","modified_gmt":"2020-05-03T19:41:05","slug":"allegement-tous-azimuts-des-mesures-contre-le-covid-19-au-burkina","status":"publish","type":"post","link":"https:\/\/linitiative.ca\/International\/allegement-tous-azimuts-des-mesures-contre-le-covid-19-au-burkina\/","title":{"rendered":"ALLEGEMENT TOUS AZIMUTS DES MESURES CONTRE LE COVID-19 AU BURKINA"},"content":{"rendered":"<div class=\"stream-item stream-item-above-post-content\">\n<p><noscript><\/p>\n<p><a href=\"\/\/www3.smartadserver.com\/ac?jump=1&amp;nwid=2136&amp;siteid=240610&amp;pgname=rg&amp;fmtid=49046&amp;visit=m&amp;tmstp=[timestamp]&amp;out=nonrich\" target=\"_blank\" rel=\"noopener noreferrer\"><img decoding=\"async\" src=\"http:\/\/www3.smartadserver.com\/ac?out=nonrich&amp;nwid=2136&amp;siteid=240610&amp;pgname=rg&amp;fmtid=49046&amp;visit=m&amp;tmstp=[timestamp]\" border=\"0\" alt=\"\"\/><\/a><\/p>\n<p><\/noscript><\/div>\n<p class=\"c3\"><em>L\u2019heure est \u00e0 l\u2019all\u00e8gement tous azimuts des mesures contre le Covid-19 au Burkina. En effet, le coup d\u2019envoi de ces all\u00e8gements en cascade, a concern\u00e9 le couvre-feu d\u2019abord. Initialement pr\u00e9vu pour \u00eatre observ\u00e9 de 19h \u00e0 5h, il a \u00e9t\u00e9 all\u00e9g\u00e9 de 21 h \u00e0 4 h. La deuxi\u00e8me mesure d\u2019all\u00e8gement significative prise a \u00e9t\u00e9 la r\u00e9ouverture du grand march\u00e9 de Ouagadougou. Celle-ci a \u00e9t\u00e9 suivie de la r\u00e9ouverture des autres march\u00e9s et yaars de la capitale puis ceux de l\u2019int\u00e9rieur du pays. Le 2 mai dernier, c\u2019\u00e9tait les mosqu\u00e9es qui \u00e9taient autoris\u00e9es \u00e0 rouvrir. Et la probabilit\u00e9 est grande que les maquis et bars et le transport interurbain leur embo\u00eetent le pas tr\u00e8s prochainement. Bref, un v\u00e9ritable vent d\u2019all\u00e8gement tous azimuts des mesures contre le Covid-19, souffle sur le Burkina. L\u2019on aurait voulu que ces all\u00e8gements fussent la cons\u00e9quence directe de l\u2019\u00e9radication totale du Covid-19 au pays des Hommes int\u00e8gres, mais force est de reconna\u00eetre que c\u2019est loin d\u2019\u00eatre le cas.<\/em><\/p>\n<p class=\"c3\"><strong><em>Tout laisse croire que le gouvernement redoute beaucoup plus la col\u00e8re des populations que les ravages du Covid-19<\/em><\/strong><\/p>\n<p class=\"c3\"><em>Il s\u2019agit beaucoup plus de mesures d\u2019all\u00e8gements dict\u00e9es par des vell\u00e9it\u00e9s de soul\u00e8vement des populations lasses de supporter le poids du Covid-19 que par le recul significatif de la pand\u00e9mie. En tout cas, tout laisse croire que le gouvernement, d\u00e9j\u00e0 affaibli par la grogne sociale, l\u2019incivisme pratiquement g\u00e9n\u00e9ralis\u00e9 des populations et la perte notoire de l\u2019autorit\u00e9 de l\u2019Etat, redoute beaucoup plus la col\u00e8re des populations que les ravages du Covid-19. On peut donc avoir l\u2019impression que c\u2019est pratiquement avec le couteau sur la gorge que le gouvernement, au quotidien, est en train de reculer, face aux injonctions et autres pressions de certains Burkinab\u00e8, partisans de l\u2019abandon hic et nunc des mesures barri\u00e8res. Et pour ces Burkinab\u00e8 qui sont vent debout contre les mesures prises dans le cadre de la lutte contre la pand\u00e9mie, il y en a qui ne croient m\u00eame pas \u00e0 la r\u00e9alit\u00e9 du Covid-19 au Burkina. Cette id\u00e9e, malheureusement, est en train de faire des \u00e9mules au sein des populations. Il y a m\u00eame des intellectuels ou pr\u00e9tendus tels qui, au fil des jours, commencent \u00e0 grossir les rangs de ceux que l\u2019on pourrait qualifier de \u00ab\u00a0coronasceptiques\u00a0\u00bb. Pour bien des Burkinab\u00e8 donc, le Covid-19 rel\u00e8ve de la mythomanie. Par voie de fait, les chiffres communiqu\u00e9s par le gouvernement sur la pand\u00e9mie, ne sont, selon eux, ni plus ni moins que du faux. L\u2019objectif poursuivi, pour eux, par le gouvernement, est de mentir pour pouvoir b\u00e9n\u00e9ficier de la g\u00e9n\u00e9rosit\u00e9 de la communaut\u00e9 internationale. Cette th\u00e8se est en passe de se transformer en v\u00e9rit\u00e9 absolue au Burkina. Et pour peu que l\u2019on tente de la d\u00e9construire, l\u2019on court le risque d\u2019\u00eatre per\u00e7u comme un complice du gouvernement. Il faut dire que les messieurs et dames qui croient, dur comme fer, que le Covid-19 n\u2019est que du vent, sont aid\u00e9s dans leur t\u00e2che de d\u00e9sinformation par les turpitudes du gouvernement, relatives \u00e0 sa gestion du Covid-19. Une de ces turpitudes est li\u00e9e v\u00e9ritablement \u00e0 sa mauvaise communication sur la pand\u00e9mie. Le moins que l\u2019on puisse dire, c\u2019est que cette communication a beaucoup p\u00e9ch\u00e9 \u00e0 certains endroits. Et cela constitue du pain b\u00e9nit pour les activistes des r\u00e9seaux sociaux en g\u00e9n\u00e9ral et pour l\u2019opposition et autres associations de la soci\u00e9t\u00e9 civile en particulier.<\/em><\/p>\n<p class=\"c3\"><strong><em>Il faut craindre que l\u2019all\u00e9gement tous azimuts des mesures contre le Covid-19, n\u2019ouvre un boulevard \u00e0 la propagation de la pand\u00e9mie<\/em><\/strong><\/p>\n<p class=\"c3\"><em>Pour autant, doit-on plaindre le gouvernement puisque souvent, c\u2019est lui qui donne des verges \u00e0 ses d\u00e9tracteurs pour se faire fouetter\u00a0? Aujourd\u2019hui, par exemple, la pol\u00e9mique qui traverse et secoue le pays est celle li\u00e9e \u00e0 l\u2019affaire \u00ab\u00a0d\u00e9c\u00e8s de la d\u00e9put\u00e9e Compaor\u00e9\u00a0\u00bb. En rappel, cette dame, membre de l\u2019opposition burkinab\u00e8, est d\u00e9c\u00e9d\u00e9e dans la nuit du 17 au 18 mars 2020. Officiellement, elle a \u00e9t\u00e9 emport\u00e9e par le Covid-19. Ce que nie sa famille. L\u2019on soutient dans un premier temps que le domicile de la d\u00e9funte a \u00e9t\u00e9 d\u00e9sinfect\u00e9. Cela s\u2019est r\u00e9v\u00e9l\u00e9 inexact par la suite. Les d\u00e9tracteurs du gouvernement jubilent. Tous exigent la t\u00eate de la ministre de la Sant\u00e9. Les plus extr\u00e9mistes r\u00e9clament la d\u00e9mission du pr\u00e9sident. Les coronasceptiques en profitent pour conforter leur position. Des propos du\u00a0genre, \u00ab\u00a0m\u00eame le gouvernement a reconnu qu\u2019il a menti\u00a0\u00bb, fusent. C\u2019est dans ce contexte qu\u2019intervient l\u2019all\u00e8gement tous azimuts des mesures qui avaient \u00e9t\u00e9 prises pour contrer le Covid-19 au Burkina. Quelque part, l\u2019on peut avoir l\u2019impression d\u2019assister \u00e0 la victoire de tous ceux qui, \u00e0 propos du Covid-19, se comportent comme Saint Thomas, c\u2019est-\u00e0-dire ceux qui ne croient pas \u00e0 la r\u00e9alit\u00e9 de la pand\u00e9mie au Burkina et qui attendent de voir des cas concrets pour croire. Depuis le d\u00e9but de la maladie d\u2019ailleurs, les Saint Thomas s\u2019\u00e9taient d\u00e9j\u00e0 signal\u00e9s. Aujourd\u2019hui, leur nombre se renforce du fait en partie de la gestion de la question du Covid-19 par le gouvernement. Dans ces conditions, il faut craindre que l\u2019all\u00e9gement tous azimuts des mesures contre le Covid-19, n\u2019ouvre un boulevard \u00e0 la propagation de la pand\u00e9mie. Le sc\u00e9nario est d\u2019autant plus \u00e0 redouter que le Burkina souffre d\u00e9j\u00e0 de deux grands maux. Le premier est le manque de confiance entre gouvern\u00e9s et gouvernants. Le deuxi\u00e8me est la perte de l\u2019autorit\u00e9 de l\u2019Etat. Si l\u2019on y ajoute la grogne sociale permanente et le fait que les Burkinab\u00e8 se regardent, au plan politique, en chiens de fa\u00efence, l\u2019on a des raisons d\u2019\u00eatre pessimiste pour le pays. En tout cas, il n\u2019est pas arm\u00e9 pour survivre au Covid-19 au cas o\u00f9 la pand\u00e9mie s\u2019installait davantage dans la cit\u00e9. Et dans cette atmosph\u00e8re de \u00ab\u00a0A nous aller\u00a0\u00bb, il est imp\u00e9ratif que chaque Burkinab\u00e8, pris individuellement, fasse l\u2019effort pour ne pas servir d\u2019auxiliaire au Covid-19. Car, tout le monde peut faire le constat que toutes les mesures communautaires prises pour contrer le mal, sont en train de s\u2019effondrer les unes apr\u00e8s les autres et cela, sous la pression des populations. Et face \u00e0 cette situation, l\u2019on peut dire que le pire est devant nous et que le danger de mort est au pays de Saint Thomas. Et si l\u2019on n\u2019y prend garde, on risque de donner raison \u00e0 ceux qui avaient pronostiqu\u00e9 le pire pour l\u2019Afrique. En tout cas, le Burkina est sur la bonne voie. Mais jusqu\u2019\u00e0 quand\u00a0?<\/em><\/p>\n<p><strong><em>\u00ab\u00a0Le Pays\u00a0\u00bb<\/em><\/strong><\/p>\n<p>Auteur: Le Pays<br \/>\n<a href=\"http:\/\/lepays.bf\/allegement-tous-azimuts-des-mesures-contre-le-covid-19-au-burkina\/\">Cliquez ici pour lire l&rsquo;article depuis sa source.<\/a><\/p>\n","protected":false},"excerpt":{"rendered":"<p>L\u2019heure est \u00e0 l\u2019all\u00e8gement tous azimuts des mesures contre le Covid-19 au Burkina. En effet, le coup d\u2019envoi de ces all\u00e8gements en cascade, a concern\u00e9 le couvre-feu d\u2019abord. Initialement pr\u00e9vu pour \u00eatre observ\u00e9 de 19h \u00e0 5h, il a \u00e9t\u00e9 all\u00e9g\u00e9 de 21 h \u00e0 4 h. La deuxi\u00e8me mesure d\u2019all\u00e8gement significative prise a \u00e9t\u00e9 [&hellip;]<\/p>\n","protected":false},"author":1813,"featured_media":0,"comment_status":"closed","ping_status":"closed","sticky":false,"template":"","format":"standard","meta":{"fifu_image_url":"","fifu_image_alt":"","footnotes":""},"categories":[73,81],"tags":[],"class_list":["post-84224","post","type-post","status-publish","format-standard","hentry","category-actualite","category-burkina-faso"],"_links":{"self":[{"href":"https:\/\/linitiative.ca\/International\/wp-json\/wp\/v2\/posts\/84224","targetHints":{"allow":["GET"]}}],"collection":[{"href":"https:\/\/linitiative.ca\/International\/wp-json\/wp\/v2\/posts"}],"about":[{"href":"https:\/\/linitiative.ca\/International\/wp-json\/wp\/v2\/types\/post"}],"author":[{"embeddable":true,"href":"https:\/\/linitiative.ca\/International\/wp-json\/wp\/v2\/users\/1813"}],"replies":[{"embeddable":true,"href":"https:\/\/linitiative.ca\/International\/wp-json\/wp\/v2\/comments?post=84224"}],"version-history":[{"count":0,"href":"https:\/\/linitiative.ca\/International\/wp-json\/wp\/v2\/posts\/84224\/revisions"}],"wp:attachment":[{"href":"https:\/\/linitiative.ca\/International\/wp-json\/wp\/v2\/media?parent=84224"}],"wp:term":[{"taxonomy":"category","embeddable":true,"href":"https:\/\/linitiative.ca\/International\/wp-json\/wp\/v2\/categories?post=84224"},{"taxonomy":"post_tag","embeddable":true,"href":"https:\/\/linitiative.ca\/International\/wp-json\/wp\/v2\/tags?post=84224"}],"curies":[{"name":"wp","href":"https:\/\/api.w.org\/{rel}","templated":true}]}}