{"id":84227,"date":"2020-05-03T15:53:49","date_gmt":"2020-05-03T19:53:49","guid":{"rendered":"https:\/\/linitiative.ca\/International\/covid-19-au-burkina-faso10-nouveaux-cas-confirmes-05-guerisons-et-01-deces-a-la-date-du-02-mai-2020\/"},"modified":"2020-05-03T15:53:49","modified_gmt":"2020-05-03T19:53:49","slug":"covid-19-au-burkina-faso10-nouveaux-cas-confirmes-05-guerisons-et-01-deces-a-la-date-du-02-mai-2020","status":"publish","type":"post","link":"https:\/\/linitiative.ca\/International\/covid-19-au-burkina-faso10-nouveaux-cas-confirmes-05-guerisons-et-01-deces-a-la-date-du-02-mai-2020\/","title":{"rendered":"Covid-19 au Burkina Faso:10 nouveaux cas confirm\u00e9s, 05 gu\u00e9risons et 01 d\u00e9c\u00e8s \u00e0 la date du 02 mai 2020"},"content":{"rendered":"<div class=\"td-post-sharing-top td-post-sharing td-ps-bg td-ps-padding td-ps-bar td-post-sharing-style6\">\n<div class=\"td-post-sharing-visible\"><a class=\"td-social-sharing-button td-social-sharing-button-js td-social-network td-social-facebook\" href=\"https:\/\/www.facebook.com\/sharer.php?u=https%3A%2F%2Fwww.sidwaya.info%2Fblog%2F2020%2F05%2F03%2Fcovid-19-au-burkina-faso10-nouveaux-cas-confirmes-05-guerisons-et-01-deces-a-la-date-du-02-mai-2020%2F\"\/><\/p>\n<p>Facebook<\/p>\n<p><a class=\"td-social-sharing-button td-social-sharing-button-js td-social-network td-social-twitter\" href=\"https:\/\/twitter.com\/intent\/tweet?text=Covid-19+au+Burkina+Faso%3A10+nouveaux+cas+confirm%C3%A9s%2C+05+gu%C3%A9risons+et+01+d%C3%A9c%C3%A8s+%C3%A0+la+date+du+02+mai+2020&amp;url=https%3A%2F%2Fwww.sidwaya.info%2Fblog%2F2020%2F05%2F03%2Fcovid-19-au-burkina-faso10-nouveaux-cas-confirmes-05-guerisons-et-01-deces-a-la-date-du-02-mai-2020%2F&amp;via=Quotidien+Sidwaya\"\/><\/p>\n<p>Twitter<\/p>\n<p><a class=\"td-social-sharing-button td-social-sharing-button-js td-social-network td-social-pinterest\" href=\"https:\/\/pinterest.com\/pin\/create\/button\/?url=https:\/\/www.sidwaya.info\/blog\/2020\/05\/03\/covid-19-au-burkina-faso10-nouveaux-cas-confirmes-05-guerisons-et-01-deces-a-la-date-du-02-mai-2020\/&amp;media=https:\/\/www.sidwaya.info\/wp-content\/uploads\/2020\/05\/covid.jpg&amp;description=Covid-19+au+Burkina+Faso%3A10+nouveaux+cas+confirm%C3%A9s%2C+05+gu%C3%A9risons+et+01+d%C3%A9c%C3%A8s+%C3%A0+la+date+du+02+mai+2020\"\/><\/p>\n<p>Pinterest<\/p>\n<p><a class=\"td-social-sharing-button td-social-sharing-button-js td-social-network td-social-whatsapp\" href=\"whatsapp:\/\/send?text=Covid-19+au+Burkina+Faso%3A10+nouveaux+cas+confirm%C3%A9s%2C+05+gu%C3%A9risons+et+01+d%C3%A9c%C3%A8s+%C3%A0+la+date+du+02+mai+2020%20%0A%0A%20https:\/\/www.sidwaya.info\/blog\/2020\/05\/03\/covid-19-au-burkina-faso10-nouveaux-cas-confirmes-05-guerisons-et-01-deces-a-la-date-du-02-mai-2020\/\"\/><\/p>\n<p>WhatsApp<\/p>\n<p><a class=\"td-social-sharing-button td-social-sharing-button-js td-social-network td-social-linkedin\" href=\"https:\/\/www.linkedin.com\/shareArticle?mini=true&amp;url=https:\/\/www.sidwaya.info\/blog\/2020\/05\/03\/covid-19-au-burkina-faso10-nouveaux-cas-confirmes-05-guerisons-et-01-deces-a-la-date-du-02-mai-2020\/&amp;title=Covid-19+au+Burkina+Faso%3A10+nouveaux+cas+confirm%C3%A9s%2C+05+gu%C3%A9risons+et+01+d%C3%A9c%C3%A8s+%C3%A0+la+date+du+02+mai+2020\"\/><\/p>\n<p>Linkedin<\/p>\n<p><a class=\"td-social-sharing-button td-social-sharing-button-js td-social-network td-social-mail\" href=\"mailto:?subject=Covid-19%20au%20Burkina%20Faso:10%20nouveaux%20cas%20confirm%C3%A9s,%2005%20gu%C3%A9risons%20et%2001%20d%C3%A9c%C3%A8s%20%C3%A0%20la%20date%20du%2002%20mai%202020&amp;body=https:\/\/www.sidwaya.info\/blog\/2020\/05\/03\/covid-19-au-burkina-faso10-nouveaux-cas-confirmes-05-guerisons-et-01-deces-a-la-date-du-02-mai-2020\/\"\/><\/p>\n<p>Email<\/p>\n<p><a class=\"td-social-sharing-button td-social-sharing-button-js td-social-network td-social-print\" href=\"#\"\/><\/p>\n<p>Print<\/p>\n<p><a class=\"td-social-sharing-button td-social-sharing-button-js td-social-network td-social-tumblr\" href=\"https:\/\/www.tumblr.com\/share\/link?url=https:\/\/www.sidwaya.info\/blog\/2020\/05\/03\/covid-19-au-burkina-faso10-nouveaux-cas-confirmes-05-guerisons-et-01-deces-a-la-date-du-02-mai-2020\/&amp;name=Covid-19%20au%20Burkina%20Faso:10%20nouveaux%20cas%20confirm%C3%A9s,%2005%20gu%C3%A9risons%20et%2001%20d%C3%A9c%C3%A8s%20%C3%A0%20la%20date%20du%2002%20mai%202020\"\/><\/p>\n<p>Tumblr<\/p>\n<p><a class=\"td-social-sharing-button td-social-sharing-button-js td-social-network td-social-telegram\" href=\"https:\/\/telegram.me\/share\/url?url=https:\/\/www.sidwaya.info\/blog\/2020\/05\/03\/covid-19-au-burkina-faso10-nouveaux-cas-confirmes-05-guerisons-et-01-deces-a-la-date-du-02-mai-2020\/&amp;text=Covid-19+au+Burkina+Faso%3A10+nouveaux+cas+confirm%C3%A9s%2C+05+gu%C3%A9risons+et+01+d%C3%A9c%C3%A8s+%C3%A0+la+date+du+02+mai+2020\"\/><\/p>\n<p>Telegram<\/p>\n<p><a class=\"td-social-sharing-button td-social-sharing-button-js td-social-network td-social-viber\" href=\"viber:\/\/forward?text=Covid-19+au+Burkina+Faso%3A10+nouveaux+cas+confirm%C3%A9s%2C+05+gu%C3%A9risons+et+01+d%C3%A9c%C3%A8s+%C3%A0+la+date+du+02+mai+2020%20https:\/\/www.sidwaya.info\/blog\/2020\/05\/03\/covid-19-au-burkina-faso10-nouveaux-cas-confirmes-05-guerisons-et-01-deces-a-la-date-du-02-mai-2020\/\"\/><\/p>\n<p>Viber<\/p>\n<p><a class=\"td-social-sharing-button td-social-sharing-button-js td-social-network td-social-naver\" href=\"https:\/\/share.naver.com\/web\/shareView.nhn?url=https:\/\/www.sidwaya.info\/blog\/2020\/05\/03\/covid-19-au-burkina-faso10-nouveaux-cas-confirmes-05-guerisons-et-01-deces-a-la-date-du-02-mai-2020\/&amp;title=Covid-19+au+Burkina+Faso%3A10+nouveaux+cas+confirm%C3%A9s%2C+05+gu%C3%A9risons+et+01+d%C3%A9c%C3%A8s+%C3%A0+la+date+du+02+mai+2020\"\/><\/p>\n<p>Naver<\/p>\n<\/div>\n<\/div>\n<div class=\"td-post-content tagdiv-type\" readability=\"48\">\n<div class=\"td-post-featured-image\"><a href=\"https:\/\/www.sidwaya.info\/wp-content\/uploads\/2020\/05\/covid.jpg\" data-caption=\"\"><img loading=\"lazy\" decoding=\"async\" width=\"648\" height=\"531\" class=\"entry-thumb td-modal-image\" src=\"https:\/\/www.sidwaya.info\/wp-content\/uploads\/2020\/05\/covid.jpg\" srcset=\"https:\/\/www.sidwaya.info\/wp-content\/uploads\/2020\/05\/covid.jpg 648w, https:\/\/www.sidwaya.info\/wp-content\/uploads\/2020\/05\/covid-300x246.jpg 300w, https:\/\/www.sidwaya.info\/wp-content\/uploads\/2020\/05\/covid-513x420.jpg 513w\" sizes=\"auto, (max-width: 648px) 100vw, 648px\" alt=\"\" title=\"covid\"\/><\/a><\/div>\n<p>A la date du 02 mai 2020, la situation de la maladie \u00e0 Coronavirus au Burkina Faso se pr\u00e9sente comme suit :<\/p>\n<p>-139 \u00e9chantillons analys\u00e9s dont 69 cas suspects, 48 contacts et 22 contr\u00f4les ;<\/p>\n<p>-10 nouveaux cas confirm\u00e9s dont 08 \u00e0 Ouagadougou et 02 \u00e0 Bobo-Dioulasso ;<\/p>\n<p>-05 gu\u00e9risons, portant \u00e0 540, le total des gu\u00e9risons ;<\/p>\n<p>-01 d\u00e9c\u00e8s, portant \u00e0 45 le total des d\u00e9c\u00e8s ;<\/p>\n<p>-77 cas actifs.<\/p>\n<p>Au total 662 cas ont \u00e9t\u00e9 confirm\u00e9s dont 262 femmes et 400 hommes depuis le 09 mars 2020.<\/p>\n<p>Communiqu\u00e9 du SIG<\/p>\n<div><img loading=\"lazy\" decoding=\"async\" class=\"alignleft size-full wp-image-21678\" src=\"https:\/\/www.sidwaya.info\/wp-content\/uploads\/2020\/05\/3-mai.jpg\" alt=\"\" width=\"720\" height=\"1010\" srcset=\"https:\/\/www.sidwaya.info\/wp-content\/uploads\/2020\/05\/3-mai.jpg 720w, https:\/\/www.sidwaya.info\/wp-content\/uploads\/2020\/05\/3-mai-214x300.jpg 214w, https:\/\/www.sidwaya.info\/wp-content\/uploads\/2020\/05\/3-mai-696x976.jpg 696w, https:\/\/www.sidwaya.info\/wp-content\/uploads\/2020\/05\/3-mai-299x420.jpg 299w\" sizes=\"auto, (max-width: 720px) 100vw, 720px\"\/><\/div>\n<div class=\"td-a-rec td-a-rec-id-content_bottom tdi_30_ffb td_block_template_1\"><img loading=\"lazy\" decoding=\"async\" class=\"aligncenter size-full wp-image-9623\" src=\"https:\/\/www.sidwaya.info\/wp-content\/uploads\/2019\/06\/Projet-bannie\u0300re-Orange-mobile.jpg\" alt=\"\" width=\"728\" height=\"81\"\/><\/div>\n<\/div>\n<footer>\n<div class=\"td-post-sharing-bottom\">\n<p><iframe frameborder=\"0\" src=\"https:\/\/www.facebook.com\/plugins\/like.php?href=https:\/\/www.sidwaya.info\/blog\/2020\/05\/03\/covid-19-au-burkina-faso10-nouveaux-cas-confirmes-05-guerisons-et-01-deces-a-la-date-du-02-mai-2020\/&amp;layout=button_count&amp;show_faces=false&amp;width=105&amp;action=like&amp;colorscheme=light&amp;height=21\" class=\"c1\">[embedded content]<\/iframe><\/p>\n<div id=\"td_social_sharing_article_bottom\" class=\"td-post-sharing td-ps-bg td-ps-padding td-post-sharing-style7\">\n<div class=\"td-post-sharing-visible\"><a class=\"td-social-sharing-button td-social-sharing-button-js td-social-network td-social-facebook\" href=\"https:\/\/www.facebook.com\/sharer.php?u=https%3A%2F%2Fwww.sidwaya.info%2Fblog%2F2020%2F05%2F03%2Fcovid-19-au-burkina-faso10-nouveaux-cas-confirmes-05-guerisons-et-01-deces-a-la-date-du-02-mai-2020%2F\"\/><\/p>\n<p>Facebook<\/p>\n<p><a class=\"td-social-sharing-button td-social-sharing-button-js td-social-network td-social-twitter\" href=\"https:\/\/twitter.com\/intent\/tweet?text=Covid-19+au+Burkina+Faso%3A10+nouveaux+cas+confirm%C3%A9s%2C+05+gu%C3%A9risons+et+01+d%C3%A9c%C3%A8s+%C3%A0+la+date+du+02+mai+2020&amp;url=https%3A%2F%2Fwww.sidwaya.info%2Fblog%2F2020%2F05%2F03%2Fcovid-19-au-burkina-faso10-nouveaux-cas-confirmes-05-guerisons-et-01-deces-a-la-date-du-02-mai-2020%2F&amp;via=Quotidien+Sidwaya\"\/><\/p>\n<p>Twitter<\/p>\n<p><a class=\"td-social-sharing-button td-social-sharing-button-js td-social-network td-social-pinterest\" href=\"https:\/\/pinterest.com\/pin\/create\/button\/?url=https:\/\/www.sidwaya.info\/blog\/2020\/05\/03\/covid-19-au-burkina-faso10-nouveaux-cas-confirmes-05-guerisons-et-01-deces-a-la-date-du-02-mai-2020\/&amp;media=https:\/\/www.sidwaya.info\/wp-content\/uploads\/2020\/05\/covid.jpg&amp;description=Covid-19+au+Burkina+Faso%3A10+nouveaux+cas+confirm%C3%A9s%2C+05+gu%C3%A9risons+et+01+d%C3%A9c%C3%A8s+%C3%A0+la+date+du+02+mai+2020\"\/><\/p>\n<p>Pinterest<\/p>\n<p><a class=\"td-social-sharing-button td-social-sharing-button-js td-social-network td-social-whatsapp\" href=\"whatsapp:\/\/send?text=Covid-19+au+Burkina+Faso%3A10+nouveaux+cas+confirm%C3%A9s%2C+05+gu%C3%A9risons+et+01+d%C3%A9c%C3%A8s+%C3%A0+la+date+du+02+mai+2020%20%0A%0A%20https:\/\/www.sidwaya.info\/blog\/2020\/05\/03\/covid-19-au-burkina-faso10-nouveaux-cas-confirmes-05-guerisons-et-01-deces-a-la-date-du-02-mai-2020\/\"\/><\/p>\n<p>WhatsApp<\/p>\n<p><a class=\"td-social-sharing-button td-social-sharing-button-js td-social-network td-social-linkedin\" href=\"https:\/\/www.linkedin.com\/shareArticle?mini=true&amp;url=https:\/\/www.sidwaya.info\/blog\/2020\/05\/03\/covid-19-au-burkina-faso10-nouveaux-cas-confirmes-05-guerisons-et-01-deces-a-la-date-du-02-mai-2020\/&amp;title=Covid-19+au+Burkina+Faso%3A10+nouveaux+cas+confirm%C3%A9s%2C+05+gu%C3%A9risons+et+01+d%C3%A9c%C3%A8s+%C3%A0+la+date+du+02+mai+2020\"\/><\/p>\n<p>Linkedin<\/p>\n<p><a class=\"td-social-sharing-button td-social-sharing-button-js td-social-network td-social-mail\" href=\"mailto:?subject=Covid-19%20au%20Burkina%20Faso:10%20nouveaux%20cas%20confirm%C3%A9s,%2005%20gu%C3%A9risons%20et%2001%20d%C3%A9c%C3%A8s%20%C3%A0%20la%20date%20du%2002%20mai%202020&amp;body=https:\/\/www.sidwaya.info\/blog\/2020\/05\/03\/covid-19-au-burkina-faso10-nouveaux-cas-confirmes-05-guerisons-et-01-deces-a-la-date-du-02-mai-2020\/\"\/><\/p>\n<p>Email<\/p>\n<p><a class=\"td-social-sharing-button td-social-sharing-button-js td-social-network td-social-print\" href=\"#\"\/><\/p>\n<p>Print<\/p>\n<p><a class=\"td-social-sharing-button td-social-sharing-button-js td-social-network td-social-tumblr\" href=\"https:\/\/www.tumblr.com\/share\/link?url=https:\/\/www.sidwaya.info\/blog\/2020\/05\/03\/covid-19-au-burkina-faso10-nouveaux-cas-confirmes-05-guerisons-et-01-deces-a-la-date-du-02-mai-2020\/&amp;name=Covid-19%20au%20Burkina%20Faso:10%20nouveaux%20cas%20confirm%C3%A9s,%2005%20gu%C3%A9risons%20et%2001%20d%C3%A9c%C3%A8s%20%C3%A0%20la%20date%20du%2002%20mai%202020\"\/><\/p>\n<p>Tumblr<\/p>\n<p><a class=\"td-social-sharing-button td-social-sharing-button-js td-social-network td-social-telegram\" href=\"https:\/\/telegram.me\/share\/url?url=https:\/\/www.sidwaya.info\/blog\/2020\/05\/03\/covid-19-au-burkina-faso10-nouveaux-cas-confirmes-05-guerisons-et-01-deces-a-la-date-du-02-mai-2020\/&amp;text=Covid-19+au+Burkina+Faso%3A10+nouveaux+cas+confirm%C3%A9s%2C+05+gu%C3%A9risons+et+01+d%C3%A9c%C3%A8s+%C3%A0+la+date+du+02+mai+2020\"\/><\/p>\n<p>Telegram<\/p>\n<p><a class=\"td-social-sharing-button td-social-sharing-button-js td-social-network td-social-viber\" href=\"viber:\/\/forward?text=Covid-19+au+Burkina+Faso%3A10+nouveaux+cas+confirm%C3%A9s%2C+05+gu%C3%A9risons+et+01+d%C3%A9c%C3%A8s+%C3%A0+la+date+du+02+mai+2020%20https:\/\/www.sidwaya.info\/blog\/2020\/05\/03\/covid-19-au-burkina-faso10-nouveaux-cas-confirmes-05-guerisons-et-01-deces-a-la-date-du-02-mai-2020\/\"\/><\/p>\n<p>Viber<\/p>\n<p><a class=\"td-social-sharing-button td-social-sharing-button-js td-social-network td-social-naver\" href=\"https:\/\/share.naver.com\/web\/shareView.nhn?url=https:\/\/www.sidwaya.info\/blog\/2020\/05\/03\/covid-19-au-burkina-faso10-nouveaux-cas-confirmes-05-guerisons-et-01-deces-a-la-date-du-02-mai-2020\/&amp;title=Covid-19+au+Burkina+Faso%3A10+nouveaux+cas+confirm%C3%A9s%2C+05+gu%C3%A9risons+et+01+d%C3%A9c%C3%A8s+%C3%A0+la+date+du+02+mai+2020\"\/><\/p>\n<p>Naver<\/p>\n<\/div>\n<\/div>\n<\/div>\n<div class=\"td-block-row td-post-next-prev\">\n<div class=\"td-block-span6 td-post-prev-post td-post-next-prev-content\"><span>Article pr\u00e9c\u00e9dent<\/span><a href=\"https:\/\/www.sidwaya.info\/blog\/2020\/05\/02\/covid-19-au-burkina-faso-03-nouveaux-cas-confirmes-18-guerisons-et-00-deces-a-la-date-du-1-mai-2020\/\">Covid-19 au Burkina Faso : 03 nouveaux cas confirm\u00e9s, 18 gu\u00e9risons et 00 d\u00e9c\u00e8s \u00e0 la date du 01 mai 2020.<\/a><\/div>\n<\/div>\n<\/footer>\n<p>Auteur: BS. Sidwaya<br \/>\n<a href=\"https:\/\/www.sidwaya.info\/blog\/2020\/05\/03\/covid-19-au-burkina-faso10-nouveaux-cas-confirmes-05-guerisons-et-01-deces-a-la-date-du-02-mai-2020\/\">Cliquez ici pour lire l&rsquo;article depuis sa source.<\/a><\/p>\n","protected":false},"excerpt":{"rendered":"<p>Facebook Twitter Pinterest WhatsApp Linkedin Email Print Tumblr Telegram Viber Naver A la date du 02 mai 2020, la situation de la maladie \u00e0 Coronavirus au Burkina Faso se pr\u00e9sente comme suit : -139 \u00e9chantillons analys\u00e9s dont 69 cas suspects, 48 contacts et 22 contr\u00f4les ; -10 nouveaux cas confirm\u00e9s dont 08 \u00e0 Ouagadougou et [&hellip;]<\/p>\n","protected":false},"author":1816,"featured_media":84228,"comment_status":"closed","ping_status":"closed","sticky":false,"template":"","format":"standard","meta":{"fifu_image_url":"","fifu_image_alt":"","footnotes":""},"categories":[73,81],"tags":[],"class_list":["post-84227","post","type-post","status-publish","format-standard","has-post-thumbnail","hentry","category-actualite","category-burkina-faso"],"_links":{"self":[{"href":"https:\/\/linitiative.ca\/International\/wp-json\/wp\/v2\/posts\/84227","targetHints":{"allow":["GET"]}}],"collection":[{"href":"https:\/\/linitiative.ca\/International\/wp-json\/wp\/v2\/posts"}],"about":[{"href":"https:\/\/linitiative.ca\/International\/wp-json\/wp\/v2\/types\/post"}],"author":[{"embeddable":true,"href":"https:\/\/linitiative.ca\/International\/wp-json\/wp\/v2\/users\/1816"}],"replies":[{"embeddable":true,"href":"https:\/\/linitiative.ca\/International\/wp-json\/wp\/v2\/comments?post=84227"}],"version-history":[{"count":0,"href":"https:\/\/linitiative.ca\/International\/wp-json\/wp\/v2\/posts\/84227\/revisions"}],"wp:featuredmedia":[{"embeddable":true,"href":"https:\/\/linitiative.ca\/International\/wp-json\/"}],"wp:attachment":[{"href":"https:\/\/linitiative.ca\/International\/wp-json\/wp\/v2\/media?parent=84227"}],"wp:term":[{"taxonomy":"category","embeddable":true,"href":"https:\/\/linitiative.ca\/International\/wp-json\/wp\/v2\/categories?post=84227"},{"taxonomy":"post_tag","embeddable":true,"href":"https:\/\/linitiative.ca\/International\/wp-json\/wp\/v2\/tags?post=84227"}],"curies":[{"name":"wp","href":"https:\/\/api.w.org\/{rel}","templated":true}]}}