{"id":84229,"date":"2020-05-03T11:18:03","date_gmt":"2020-05-03T15:18:03","guid":{"rendered":"https:\/\/linitiative.ca\/International\/les-journalistes-ivoiriens-celebrent-la-27e-journee-de-la-liberte-de-la-presse-a-travers-un-webinaire\/"},"modified":"2020-05-03T11:18:03","modified_gmt":"2020-05-03T15:18:03","slug":"les-journalistes-ivoiriens-celebrent-la-27e-journee-de-la-liberte-de-la-presse-a-travers-un-webinaire","status":"publish","type":"post","link":"https:\/\/linitiative.ca\/International\/les-journalistes-ivoiriens-celebrent-la-27e-journee-de-la-liberte-de-la-presse-a-travers-un-webinaire\/","title":{"rendered":"Les journalistes ivoiriens c\u00e9l\u00e8brent la 27\u00e8 Journ\u00e9e de la libert\u00e9 de la presse \u00e0 travers un webinaire"},"content":{"rendered":"<p>Les journalistes ivoiriens ont c\u00e9l\u00e9br\u00e9, dimanche, la 27\u00e8me Journ\u00e9e mondiale de la libert\u00e9 de la presse \u00e0 travers un webinaire (\u00e9changes interactifs via internet) organis\u00e9 par l\u2019Union nationale des journalistes de C\u00f4te d\u2019Ivoire (UNJCI) en partenariat avec l\u2019Organisation des Nations unies pour l\u2019\u00e9ducation, la science et la culture (UNESCO), le Fonds de soutien et de d\u00e9veloppement de la presse (FSDP) et des Organisations professionnelles des m\u00e9dias (OPM) autour du th\u00e8me central, \u00ab Le journalisme sans crainte ni complaisance \u00bb.Organis\u00e9e \u00e0 la Maison de la presse d\u2019Abidjan avec la participation d\u2019une vingtaine de personnes pour tenir compte des mesures barri\u00e8res pour la lutte contre la pand\u00e9mie du Coronavirus (Covid-19), cette Journ\u00e9e retransmise en direct via internet, a \u00e9t\u00e9 meubl\u00e9e par trois sous-th\u00e8mes.<\/p>\n<p>Le premier sous-th\u00e8me consacr\u00e9 \u00e0 l\u2019ind\u00e9pendance des m\u00e9dias et des journalistes, a \u00e9t\u00e9 anim\u00e9 par Mme Sidonie Amoikon, \u00a0Secr\u00e9taire g\u00e9n\u00e9rale de l\u2019Autorit\u00e9 nationale de la presse (ANP, organe de r\u00e9gulation), quand le deuxi\u00e8me sous-th\u00e8me port\u00e9 sur \u00ab la s\u00e9curit\u00e9 des journalistes et la question de l\u2019impunit\u00e9 \u00bb a \u00e9t\u00e9 pr\u00e9sent\u00e9 par Dr Alfred Dan Moussa, Directeur g\u00e9n\u00e9ral de l\u2019ISTC Polytechnique.<\/p>\n<p>L\u2019\u00e9galit\u00e9 des genres au sein des r\u00e9dactions, a constitu\u00e9 le troisi\u00e8me sous-th\u00e8me anim\u00e9 par Agn\u00e8s Kraidy, journaliste-consultante, pr\u00e9sidente du R\u00e9seau des femmes journalistes et des professionnelles de la Communication de C\u00f4te d\u2019Ivoire (REFJPCI).<\/p>\n<p>Le pr\u00e9sident de l\u2019UNJCI Jean-Claude Coulibaly ainsi que la repr\u00e9sentante et chef du Bureau de l\u2019UNESCO \u00e0 Abidjan, Anne Lemaistre se sont f\u00e9licit\u00e9s que ce \u00abcoup soit marqu\u00e9\u00bb en d\u00e9pit de la crise sanitaire que traverse le monde.<\/p>\n<p>A ce propos, le ministre ivoirien de la Communication et des m\u00e9dias, Sidi Tour\u00e9, a soulign\u00e9 dans une d\u00e9claration qu\u2019\u00e0 l\u2019instar des acteurs du monde m\u00e9dical, les journalistes ivoiriens m\u00e8nent le \u00ab combat pour la vie\u00bb contre la maladie \u00e0 Covid-19 en C\u00f4te d\u2019Ivoire.<\/p>\n<p>\u00ab Sur le front de la lutte contre le Covid-19, les acteurs des m\u00e9dias, tout autant que les acteurs du monde m\u00e9dical que les chercheurs, m\u00e8nent le combat pour la vie. Pour les journalistes, il est crucial que les populations aient acc\u00e8s \u00e0 des informations fiables\u00bb, a indiqu\u00e9 M. Tour\u00e9.<\/p>\n<p>Parlant de \u00a0la responsabilit\u00e9 des m\u00e9dias dans la lutte contre cette maladie, il a soutenu que les journalistes doivent faire conna\u00eetre les gestes barri\u00e8res qui nous pr\u00e9servent, faire savoir les comportements \u00e0 adopter, les d\u00e9marches \u00e0 entreprendre, les d\u00e9cisions \u00e0 prendre, aider \u00e0 \u00e9viter l\u2019intoxication par les fausses nouvelles.<\/p>\n<p>\u00a0\u00ab La libert\u00e9 n\u2019a de sens que par rapport \u00e0 la responsabilit\u00e9 qu\u2019elle impose. Et cette responsabilit\u00e9, les journalistes l\u2019incarnent dans la pleine conscience du poids de leur profession\u00bb, a-t-il estim\u00e9.<\/p>\n<p>Plus que jamais, nous avons besoin des m\u00e9dias engag\u00e9s pour le \u00ab bien commun\u00bb, a ajout\u00e9 M. Tour\u00e9 qui est \u00e9galement le porte-parole du gouvernement ivoirien.<\/p>\n<p>\u00a0\u00ab A tous les journalistes du monde entier, aux journalistes et aux professionnels de la communication de notre pays, je vous dis merci au nom du Gouvernement ivoirien pour votre engagement \u00e0 c\u00e9l\u00e9brer l\u2019information qui sauve \u00bb, a poursuivi M. Tour\u00e9 se f\u00e9licitant de l\u2019am\u00e9lioration du rang de la C\u00f4te d\u2019Ivoire dans le classement mondial de la libert\u00e9 de la presse de Reporters sans fronti\u00e8res.<\/p>\n<p>En effet, la C\u00f4te d\u2019Ivoire est pass\u00e9e de la 159\u00e8 place de ce classement en 2011 \u00e0 la 68\u00e8 en 2020 figurant ainsi dans le top 10 des pays les mieux class\u00e9s en Afrique.<\/p>\n<p>Les journalistes ivoiriens ont c\u00e9l\u00e9br\u00e9, dimanche, la 27\u00e8me Journ\u00e9e mondiale de la libert\u00e9 de la presse \u00e0 travers un webinaire (\u00e9changes interactifs via internet) organis\u00e9 par l\u2019Union nationale des journalistes de C\u00f4te d\u2019Ivoire (UNJCI) en partenariat avec l\u2019Organisation des Nations unies pour l\u2019\u00e9ducation, la science et la culture (UNESCO), le Fonds de soutien et de d\u00e9veloppement de la presse (FSDP) et des Organisations professionnelles des m\u00e9dias (OPM) autour du th\u00e8me central, \u00ab Le journalisme sans crainte ni complaisance \u00bb.Organis\u00e9e \u00e0 la Maison de la presse d\u2019Abidjan avec la participation d\u2019une vingtaine de personnes pour tenir compte des mesures barri\u00e8res pour la lutte contre la pand\u00e9mie du Coronavirus (Covid-19), cette Journ\u00e9e retransmise en direct via internet, a \u00e9t\u00e9 meubl\u00e9e par trois sous-th\u00e8mes.<\/p>\n<p>Le premier sous-th\u00e8me consacr\u00e9 \u00e0 l\u2019ind\u00e9pendance des m\u00e9dias et des journalistes, a \u00e9t\u00e9 anim\u00e9 par Mme Sidonie Amoikon, \u00a0Secr\u00e9taire g\u00e9n\u00e9rale de l\u2019Autorit\u00e9 nationale de la presse (ANP, organe de r\u00e9gulation), quand le deuxi\u00e8me sous-th\u00e8me port\u00e9 sur \u00ab la s\u00e9curit\u00e9 des journalistes et la question de l\u2019impunit\u00e9 \u00bb a \u00e9t\u00e9 pr\u00e9sent\u00e9 par Dr Alfred Dan Moussa, Directeur g\u00e9n\u00e9ral de l\u2019ISTC Polytechnique.<\/p>\n<p>L\u2019\u00e9galit\u00e9 des genres au sein des r\u00e9dactions, a constitu\u00e9 le troisi\u00e8me sous-th\u00e8me anim\u00e9 par Agn\u00e8s Kraidy, journaliste-consultante, pr\u00e9sidente du R\u00e9seau des femmes journalistes et des professionnelles de la Communication de C\u00f4te d\u2019Ivoire (REFJPCI).<\/p>\n<p>Le pr\u00e9sident de l\u2019UNJCI Jean-Claude Coulibaly ainsi que la repr\u00e9sentante et chef du Bureau de l\u2019UNESCO \u00e0 Abidjan, Anne Lemaistre se sont f\u00e9licit\u00e9s que ce \u00abcoup soit marqu\u00e9\u00bb en d\u00e9pit de la crise sanitaire que traverse le monde.<\/p>\n<p>A ce propos, le ministre ivoirien de la Communication et des m\u00e9dias, Sidi Tour\u00e9, a soulign\u00e9 dans une d\u00e9claration qu\u2019\u00e0 l\u2019instar des acteurs du monde m\u00e9dical, les journalistes ivoiriens m\u00e8nent le \u00ab combat pour la vie\u00bb contre la maladie \u00e0 Covid-19 en C\u00f4te d\u2019Ivoire.<\/p>\n<p>\u00ab Sur le front de la lutte contre le Covid-19, les acteurs des m\u00e9dias, tout autant que les acteurs du monde m\u00e9dical que les chercheurs, m\u00e8nent le combat pour la vie. Pour les journalistes, il est crucial que les populations aient acc\u00e8s \u00e0 des informations fiables\u00bb, a indiqu\u00e9 M. Tour\u00e9.<\/p>\n<p>Parlant de \u00a0la responsabilit\u00e9 des m\u00e9dias dans la lutte contre cette maladie, il a soutenu que les journalistes doivent faire conna\u00eetre les gestes barri\u00e8res qui nous pr\u00e9servent, faire savoir les comportements \u00e0 adopter, les d\u00e9marches \u00e0 entreprendre, les d\u00e9cisions \u00e0 prendre, aider \u00e0 \u00e9viter l\u2019intoxication par les fausses nouvelles.<\/p>\n<p>\u00a0\u00ab La libert\u00e9 n\u2019a de sens que par rapport \u00e0 la responsabilit\u00e9 qu\u2019elle impose. Et cette responsabilit\u00e9, les journalistes l\u2019incarnent dans la pleine conscience du poids de leur profession\u00bb, a-t-il estim\u00e9.<\/p>\n<p>Plus que jamais, nous avons besoin des m\u00e9dias engag\u00e9s pour le \u00ab bien commun\u00bb, a ajout\u00e9 M. Tour\u00e9 qui est \u00e9galement le porte-parole du gouvernement ivoirien.<\/p>\n<p>\u00a0\u00ab A tous les journalistes du monde entier, aux journalistes et aux professionnels de la communication de notre pays, je vous dis merci au nom du Gouvernement ivoirien pour votre engagement \u00e0 c\u00e9l\u00e9brer l\u2019information qui sauve \u00bb, a poursuivi M. Tour\u00e9 se f\u00e9licitant de l\u2019am\u00e9lioration du rang de la C\u00f4te d\u2019Ivoire dans le classement mondial de la libert\u00e9 de la presse de Reporters sans fronti\u00e8res.<\/p>\n<p>En effet, la C\u00f4te d\u2019Ivoire est pass\u00e9e de la 159\u00e8 place de ce classement en 2011 \u00e0 la 68\u00e8 en 2020 figurant ainsi dans le top 10 des pays les mieux class\u00e9s en Afrique.<\/p>\n<p>Auteur: APA News<br \/>\n<a href=\"https:\/\/www.journalducameroun.com\/les-journalistes-ivoiriens-celebrent-la-27e-journee-de-la-liberte-de-la-presse-a-travers-un-webinaire\/\">Cliquez ici pour lire l&rsquo;article depuis sa source.<\/a><\/p>\n","protected":false},"excerpt":{"rendered":"<p>Les journalistes ivoiriens ont c\u00e9l\u00e9br\u00e9, dimanche, la 27\u00e8me Journ\u00e9e mondiale de la libert\u00e9 de la presse \u00e0 travers un webinaire (\u00e9changes interactifs via internet) organis\u00e9 par l\u2019Union nationale des journalistes de C\u00f4te d\u2019Ivoire (UNJCI) en partenariat avec l\u2019Organisation des Nations unies pour l\u2019\u00e9ducation, la science et la culture (UNESCO), le Fonds de soutien et de [&hellip;]<\/p>\n","protected":false},"author":1965,"featured_media":0,"comment_status":"closed","ping_status":"closed","sticky":false,"template":"","format":"standard","meta":{"fifu_image_url":"","fifu_image_alt":"","footnotes":""},"categories":[73,82],"tags":[],"class_list":["post-84229","post","type-post","status-publish","format-standard","hentry","category-actualite","category-cameroun"],"_links":{"self":[{"href":"https:\/\/linitiative.ca\/International\/wp-json\/wp\/v2\/posts\/84229","targetHints":{"allow":["GET"]}}],"collection":[{"href":"https:\/\/linitiative.ca\/International\/wp-json\/wp\/v2\/posts"}],"about":[{"href":"https:\/\/linitiative.ca\/International\/wp-json\/wp\/v2\/types\/post"}],"author":[{"embeddable":true,"href":"https:\/\/linitiative.ca\/International\/wp-json\/wp\/v2\/users\/1965"}],"replies":[{"embeddable":true,"href":"https:\/\/linitiative.ca\/International\/wp-json\/wp\/v2\/comments?post=84229"}],"version-history":[{"count":0,"href":"https:\/\/linitiative.ca\/International\/wp-json\/wp\/v2\/posts\/84229\/revisions"}],"wp:attachment":[{"href":"https:\/\/linitiative.ca\/International\/wp-json\/wp\/v2\/media?parent=84229"}],"wp:term":[{"taxonomy":"category","embeddable":true,"href":"https:\/\/linitiative.ca\/International\/wp-json\/wp\/v2\/categories?post=84229"},{"taxonomy":"post_tag","embeddable":true,"href":"https:\/\/linitiative.ca\/International\/wp-json\/wp\/v2\/tags?post=84229"}],"curies":[{"name":"wp","href":"https:\/\/api.w.org\/{rel}","templated":true}]}}