{"id":84230,"date":"2020-05-03T13:18:03","date_gmt":"2020-05-03T17:18:03","guid":{"rendered":"https:\/\/linitiative.ca\/International\/cote-divoire-un-medecin-de-la-gendarmerie-nationale-teste-positif-au-covid-19\/"},"modified":"2020-05-03T13:18:03","modified_gmt":"2020-05-03T17:18:03","slug":"cote-divoire-un-medecin-de-la-gendarmerie-nationale-teste-positif-au-covid-19","status":"publish","type":"post","link":"https:\/\/linitiative.ca\/International\/cote-divoire-un-medecin-de-la-gendarmerie-nationale-teste-positif-au-covid-19\/","title":{"rendered":"C\u00f4te d\u2019Ivoire : un m\u00e9decin de la gendarmerie nationale test\u00e9 positif au Covid-19"},"content":{"rendered":"<div readability=\"32\">\n<p>Publi\u00e9 le 03.05.2020 \u00e0 18h18 par APA News<\/p>\n<\/div>\n<div readability=\"96\">\n<p>Un m\u00e9decin du Centre principal de sant\u00e9 de la gendarmerie nationale (CPS) d\u2019Agban (le plus grand camp de gendarmerie du pays situ\u00e9 \u00e0 Cocody) a \u00e9t\u00e9 test\u00e9, dimanche, positif au Covid-19, rapporte un communiqu\u00e9 de la gendarmerie nationale transmis \u00e0 APA.Selon le communiqu\u00e9 \u00ab l\u2019ensemble du personnel du CPS et les patients du m\u00e9decin pour la semaine du 27\/04\/2020 au 02\/05\/2020 seront test\u00e9s et mis \u00e9ventuellement en confinement \u00bb.<\/p>\n<p>En outre, ajoute la m\u00eame source, \u00a0le Commandant sup\u00e9rieur de la gendarmerie nationale a d\u00e9cid\u00e9 de la fermeture du centre pour une dur\u00e9e de 48 heures afin de permettre aux services d\u2019hygi\u00e8ne de proc\u00e9der \u00e0 une d\u00e9sinfection totale des lieux.<\/p>\n<p>\u00a0Pendant cette p\u00e9riode, la prise en charge des malades se fera \u00e0 l\u2019H\u00f4pital militaire d\u2019Abidjan (HMA) et dans tous les Centres de Sant\u00e9 des unit\u00e9s de la Gendarmerie de la place d\u2019Abidjan.<\/p>\n<p>\u00ab Le Commandant sup\u00e9rieur de la gendarmerie nationale exhorte l\u2019ensemble des personnels de la Gendarmerie Nationale qui accomplissent un travail formidable au quotidien, dans le cadre de la lutte contre la pand\u00e9mie de la maladie \u00e0 Coronavirus, \u00e0 pers\u00e9v\u00e9rer dans l\u2019ex\u00e9cution de leurs missions r\u00e9galiennes tout en observant scrupuleusement les mesures barri\u00e8res \u00bb, conclut le texte.<\/p>\n<p>La C\u00f4te d\u2019Ivoire, \u00a0qui a pris plusieurs mesures pour lutter contre la propagation de cette pand\u00e9mie, enregistre \u00e0 ce jour, 1362 cas confirm\u00e9s de maladie \u00e0 Covid-19, 622 gu\u00e9ris et 15 d\u00e9c\u00e8s.<\/p>\n<p>Un m\u00e9decin du Centre principal de sant\u00e9 de la gendarmerie nationale (CPS) d\u2019Agban (le plus grand camp de gendarmerie du pays situ\u00e9 \u00e0 Cocody) a \u00e9t\u00e9 test\u00e9, dimanche, positif au Covid-19, rapporte un communiqu\u00e9 de la gendarmerie nationale transmis \u00e0 APA.Selon le communiqu\u00e9 \u00ab l\u2019ensemble du personnel du CPS et les patients du m\u00e9decin pour la semaine du 27\/04\/2020 au 02\/05\/2020 seront test\u00e9s et mis \u00e9ventuellement en confinement \u00bb.<\/p>\n<p>En outre, ajoute la m\u00eame source, \u00a0le Commandant sup\u00e9rieur de la gendarmerie nationale a d\u00e9cid\u00e9 de la fermeture du centre pour une dur\u00e9e de 48 heures afin de permettre aux services d\u2019hygi\u00e8ne de proc\u00e9der \u00e0 une d\u00e9sinfection totale des lieux.<\/p>\n<p>\u00a0Pendant cette p\u00e9riode, la prise en charge des malades se fera \u00e0 l\u2019H\u00f4pital militaire d\u2019Abidjan (HMA) et dans tous les Centres de Sant\u00e9 des unit\u00e9s de la Gendarmerie de la place d\u2019Abidjan.<\/p>\n<p>\u00ab Le Commandant sup\u00e9rieur de la gendarmerie nationale exhorte l\u2019ensemble des personnels de la Gendarmerie Nationale qui accomplissent un travail formidable au quotidien, dans le cadre de la lutte contre la pand\u00e9mie de la maladie \u00e0 Coronavirus, \u00e0 pers\u00e9v\u00e9rer dans l\u2019ex\u00e9cution de leurs missions r\u00e9galiennes tout en observant scrupuleusement les mesures barri\u00e8res \u00bb, conclut le texte.<\/p>\n<p>La C\u00f4te d\u2019Ivoire, \u00a0qui a pris plusieurs mesures pour lutter contre la propagation de cette pand\u00e9mie, enregistre \u00e0 ce jour, 1362 cas confirm\u00e9s de maladie \u00e0 Covid-19, 622 gu\u00e9ris et 15 d\u00e9c\u00e8s.<\/p>\n<\/div>\n<p>Auteur: APA News<br \/>\n<a href=\"https:\/\/www.journalducameroun.com\/cote-divoire-un-medecin-de-la-gendarmerie-nationale-teste-positif-au-covid-19\/\">Cliquez ici pour lire l&rsquo;article depuis sa source.<\/a><\/p>\n","protected":false},"excerpt":{"rendered":"<p>Publi\u00e9 le 03.05.2020 \u00e0 18h18 par APA News Un m\u00e9decin du Centre principal de sant\u00e9 de la gendarmerie nationale (CPS) d\u2019Agban (le plus grand camp de gendarmerie du pays situ\u00e9 \u00e0 Cocody) a \u00e9t\u00e9 test\u00e9, dimanche, positif au Covid-19, rapporte un communiqu\u00e9 de la gendarmerie nationale transmis \u00e0 APA.Selon le communiqu\u00e9 \u00ab l\u2019ensemble du personnel [&hellip;]<\/p>\n","protected":false},"author":1965,"featured_media":0,"comment_status":"closed","ping_status":"closed","sticky":false,"template":"","format":"standard","meta":{"fifu_image_url":"","fifu_image_alt":"","footnotes":""},"categories":[73,82],"tags":[],"class_list":["post-84230","post","type-post","status-publish","format-standard","hentry","category-actualite","category-cameroun"],"_links":{"self":[{"href":"https:\/\/linitiative.ca\/International\/wp-json\/wp\/v2\/posts\/84230","targetHints":{"allow":["GET"]}}],"collection":[{"href":"https:\/\/linitiative.ca\/International\/wp-json\/wp\/v2\/posts"}],"about":[{"href":"https:\/\/linitiative.ca\/International\/wp-json\/wp\/v2\/types\/post"}],"author":[{"embeddable":true,"href":"https:\/\/linitiative.ca\/International\/wp-json\/wp\/v2\/users\/1965"}],"replies":[{"embeddable":true,"href":"https:\/\/linitiative.ca\/International\/wp-json\/wp\/v2\/comments?post=84230"}],"version-history":[{"count":0,"href":"https:\/\/linitiative.ca\/International\/wp-json\/wp\/v2\/posts\/84230\/revisions"}],"wp:attachment":[{"href":"https:\/\/linitiative.ca\/International\/wp-json\/wp\/v2\/media?parent=84230"}],"wp:term":[{"taxonomy":"category","embeddable":true,"href":"https:\/\/linitiative.ca\/International\/wp-json\/wp\/v2\/categories?post=84230"},{"taxonomy":"post_tag","embeddable":true,"href":"https:\/\/linitiative.ca\/International\/wp-json\/wp\/v2\/tags?post=84230"}],"curies":[{"name":"wp","href":"https:\/\/api.w.org\/{rel}","templated":true}]}}