{"id":84231,"date":"2020-05-03T15:18:03","date_gmt":"2020-05-03T19:18:03","guid":{"rendered":"https:\/\/linitiative.ca\/International\/maroc-covid-19-les-techniques-utilisees-dans-les-tests-sont-fiables-ministere\/"},"modified":"2020-05-03T15:18:03","modified_gmt":"2020-05-03T19:18:03","slug":"maroc-covid-19-les-techniques-utilisees-dans-les-tests-sont-fiables-ministere","status":"publish","type":"post","link":"https:\/\/linitiative.ca\/International\/maroc-covid-19-les-techniques-utilisees-dans-les-tests-sont-fiables-ministere\/","title":{"rendered":"Maroc\/Covid-19 : Les techniques utilis\u00e9es dans les tests sont \u00ab\u00a0fiables\u00a0\u00bb (minist\u00e8re)"},"content":{"rendered":"<div readability=\"32\">\n<p>Publi\u00e9 le 03.05.2020 \u00e0 20h18 par APA News<\/p>\n<\/div>\n<div readability=\"104\">\n<p>Le minist\u00e8re marocain de la sant\u00e9 a affirm\u00e9 les outils et techniques utilis\u00e9s dans les tests du Covid-19 son \u00ab\u00a0fiables\u00a0\u00bb et se \u00ab\u00a0basent sur des analyses de l\u2019acide nucl\u00e9ique\u00a0\u00bb.<\/p>\n<p>\u00a0\u00ab C\u2019est l\u2019une des m\u00e9thodes utilis\u00e9es \u00e0 l\u2019\u00e9chelle internationale \u00bb, fait savoir un communiqu\u00e9 publi\u00e9 par le \u00a0minist\u00e8re en r\u00e9action \u00a0\u00e0 des publications sur les r\u00e9seaux sociaux faisant \u00e9tat de suppos\u00e9es victimes de faux tests \u00e0 Casablanca.<\/p>\n<p>\u00ab Il est probable d\u2019avoir des r\u00e9sultats diff\u00e9rents sur des \u00e9chantillons vari\u00e9s suite aux tests effectu\u00e9s sur un malade pendant des jours. Ceci est reli\u00e9 au volume du virus et son comportement dans le corps humain, ainsi que la mani\u00e8re de pr\u00e9lever les \u00e9chantillons \u00bb, rappelle la m\u00eame source, soulignant que \u00a0pour ces raisons le Maroc ne se contente pas d\u2019un test n\u00e9gatif pour d\u00e9clarer une gu\u00e9rison, mais de deux analyses n\u00e9gatives \u00e0 24 heures d\u2019intervalle.<\/p>\n<p>Et de\u00a0pr\u00e9ciser que\u00a0l\u2019annonce\u00a0de chaque nouveau cas du Covid-19 est de la responsabilit\u00e9 des m\u00e9decins qui ont les moyens suffisants pour le faire, ajoutant que toute autre personne qui\u00a0n\u2019est\u00a0pas habilit\u00e9 \u00e0 le faire, ne peut intervenir dans ce processus ou mettre en doute le travail des professionnels de la sant\u00e9.\u00a0<\/p>\n<p>\u00ab\u00a0Dans le cas de deux r\u00e9sultats diff\u00e9rents, c\u2019est le test positif qui est pris en compte\u00a0\u00bb, est-il pr\u00e9cis\u00e9.<\/p>\n<p>\u00a0Le minist\u00e8re exhorte les citoyens de ne pas suivre les rumeurs qui visent \u00e0 perturber le travail des parties responsables et \u00e0 d\u00e9stabiliser les Marocains par rapport \u00e0 l\u2019efficacit\u00e9 du travail du corps m\u00e9dical qui continuent \u00e0 lutter, aux premiers rangs, contre ce virus, conclut le communiqu\u00e9.<\/p>\n<p>Le minist\u00e8re marocain de la sant\u00e9 a affirm\u00e9 les outils et techniques utilis\u00e9s dans les tests du Covid-19 son \u00ab\u00a0fiables\u00a0\u00bb et se \u00ab\u00a0basent sur des analyses de l\u2019acide nucl\u00e9ique\u00a0\u00bb.<\/p>\n<p>\u00a0\u00ab C\u2019est l\u2019une des m\u00e9thodes utilis\u00e9es \u00e0 l\u2019\u00e9chelle internationale \u00bb, fait savoir un communiqu\u00e9 publi\u00e9 par le \u00a0minist\u00e8re en r\u00e9action \u00a0\u00e0 des publications sur les r\u00e9seaux sociaux faisant \u00e9tat de suppos\u00e9es victimes de faux tests \u00e0 Casablanca.<\/p>\n<p>\u00ab Il est probable d\u2019avoir des r\u00e9sultats diff\u00e9rents sur des \u00e9chantillons vari\u00e9s suite aux tests effectu\u00e9s sur un malade pendant des jours. Ceci est reli\u00e9 au volume du virus et son comportement dans le corps humain, ainsi que la mani\u00e8re de pr\u00e9lever les \u00e9chantillons \u00bb, rappelle la m\u00eame source, soulignant que \u00a0pour ces raisons le Maroc ne se contente pas d\u2019un test n\u00e9gatif pour d\u00e9clarer une gu\u00e9rison, mais de deux analyses n\u00e9gatives \u00e0 24 heures d\u2019intervalle.<\/p>\n<p>Et de\u00a0pr\u00e9ciser que\u00a0l\u2019annonce\u00a0de chaque nouveau cas du Covid-19 est de la responsabilit\u00e9 des m\u00e9decins qui ont les moyens suffisants pour le faire, ajoutant que toute autre personne qui\u00a0n\u2019est\u00a0pas habilit\u00e9 \u00e0 le faire, ne peut intervenir dans ce processus ou mettre en doute le travail des professionnels de la sant\u00e9.\u00a0<\/p>\n<p>\u00ab\u00a0Dans le cas de deux r\u00e9sultats diff\u00e9rents, c\u2019est le test positif qui est pris en compte\u00a0\u00bb, est-il pr\u00e9cis\u00e9.<\/p>\n<p>\u00a0Le minist\u00e8re exhorte les citoyens de ne pas suivre les rumeurs qui visent \u00e0 perturber le travail des parties responsables et \u00e0 d\u00e9stabiliser les Marocains par rapport \u00e0 l\u2019efficacit\u00e9 du travail du corps m\u00e9dical qui continuent \u00e0 lutter, aux premiers rangs, contre ce virus, conclut le communiqu\u00e9.<\/p>\n<\/div>\n<p>Auteur: APA News<br \/>\n<a href=\"https:\/\/www.journalducameroun.com\/maroc-covid-19-les-techniques-utilisees-dans-les-tests-sont-fiables-ministere\/\">Cliquez ici pour lire l&rsquo;article depuis sa source.<\/a><\/p>\n","protected":false},"excerpt":{"rendered":"<p>Publi\u00e9 le 03.05.2020 \u00e0 20h18 par APA News Le minist\u00e8re marocain de la sant\u00e9 a affirm\u00e9 les outils et techniques utilis\u00e9s dans les tests du Covid-19 son \u00ab\u00a0fiables\u00a0\u00bb et se \u00ab\u00a0basent sur des analyses de l\u2019acide nucl\u00e9ique\u00a0\u00bb. \u00a0\u00ab C\u2019est l\u2019une des m\u00e9thodes utilis\u00e9es \u00e0 l\u2019\u00e9chelle internationale \u00bb, fait savoir un communiqu\u00e9 publi\u00e9 par le \u00a0minist\u00e8re [&hellip;]<\/p>\n","protected":false},"author":1965,"featured_media":0,"comment_status":"closed","ping_status":"closed","sticky":false,"template":"","format":"standard","meta":{"fifu_image_url":"","fifu_image_alt":"","footnotes":""},"categories":[73,82],"tags":[],"class_list":["post-84231","post","type-post","status-publish","format-standard","hentry","category-actualite","category-cameroun"],"_links":{"self":[{"href":"https:\/\/linitiative.ca\/International\/wp-json\/wp\/v2\/posts\/84231","targetHints":{"allow":["GET"]}}],"collection":[{"href":"https:\/\/linitiative.ca\/International\/wp-json\/wp\/v2\/posts"}],"about":[{"href":"https:\/\/linitiative.ca\/International\/wp-json\/wp\/v2\/types\/post"}],"author":[{"embeddable":true,"href":"https:\/\/linitiative.ca\/International\/wp-json\/wp\/v2\/users\/1965"}],"replies":[{"embeddable":true,"href":"https:\/\/linitiative.ca\/International\/wp-json\/wp\/v2\/comments?post=84231"}],"version-history":[{"count":0,"href":"https:\/\/linitiative.ca\/International\/wp-json\/wp\/v2\/posts\/84231\/revisions"}],"wp:attachment":[{"href":"https:\/\/linitiative.ca\/International\/wp-json\/wp\/v2\/media?parent=84231"}],"wp:term":[{"taxonomy":"category","embeddable":true,"href":"https:\/\/linitiative.ca\/International\/wp-json\/wp\/v2\/categories?post=84231"},{"taxonomy":"post_tag","embeddable":true,"href":"https:\/\/linitiative.ca\/International\/wp-json\/wp\/v2\/tags?post=84231"}],"curies":[{"name":"wp","href":"https:\/\/api.w.org\/{rel}","templated":true}]}}