{"id":84233,"date":"2020-05-03T17:18:03","date_gmt":"2020-05-03T21:18:03","guid":{"rendered":"https:\/\/linitiative.ca\/International\/covid-19-letat-durgence-prolonge-au-senegal\/"},"modified":"2020-05-03T17:18:03","modified_gmt":"2020-05-03T21:18:03","slug":"covid-19-letat-durgence-prolonge-au-senegal","status":"publish","type":"post","link":"https:\/\/linitiative.ca\/International\/covid-19-letat-durgence-prolonge-au-senegal\/","title":{"rendered":"Covid-19 : l\u2019\u00e9tat d\u2019urgence prolong\u00e9 au S\u00e9n\u00e9gal"},"content":{"rendered":"<div readability=\"32\">\n<p>Publi\u00e9 le 03.05.2020 \u00e0 22h18 par APA News<\/p>\n<\/div>\n<div readability=\"116\">\n<p>Le pr\u00e9sident de la R\u00e9publique Macky Sall a prorog\u00e9, pour une dur\u00e9e de 30 jours, l\u2019\u00e9tat d\u2019urgence en vigueur depuis le 23 mars dernier afin d\u2019affronter le nouveau coronavirus.Le d\u00e9cret, prorogeant l\u2019\u00e9tat d\u2019urgence sur toute l\u2019\u00e9tendue du territoire national, a \u00e9t\u00e9 sign\u00e9 par le chef de l\u2019Etat ce dimanche. S\u2019adressant \u00e0 ses concitoyens, dans un discours retransmis sur la Radiodiffusion T\u00e9l\u00e9vision S\u00e9n\u00e9galaise (RTS, publique), Macky Sall avait soulign\u00e9 que \u00ab la vitesse de progression de la maladie nous impose de relever le niveau de la riposte. A d\u00e9faut, nous courons un s\u00e9rieux\u00a0risque de calamit\u00e9 publique\u00a0\u00bb.<\/p>\n<p>Cet \u00e9tat d\u2019urgence est assorti d\u2019un\u00a0couvre-feu de 20 heures \u00e0 6 heures. Les pouvoirs publics, constatant la circulation rapide du virus, ont ensuite interdit le transport transr\u00e9gional.<\/p>\n<p>La loi sur l\u2019\u00e9tat d\u2019urgence conf\u00e8re aux autorit\u00e9s administratives comp\u00e9tentes un certain nombre de pouvoirs. Il s\u2019agit entre autres\u00a0de la r\u00e9glementation ou de l\u2019interdiction de la circulation des personnes, des v\u00e9hicules ou des biens dans certains lieux et \u00e0 certaines heures, de l\u2019interdiction, \u00e0 titre g\u00e9n\u00e9ral ou particulier, de tous cort\u00e8ges, d\u00e9fil\u00e9s, rassemblements et manifestations sur la voie publique, de l\u2019interdiction, \u00e0 titre g\u00e9n\u00e9ral ou particulier, des r\u00e9unions publiques ou priv\u00e9es de quelque nature qu\u2019elles soient, susceptibles de provoquer ou d\u2019entretenir le d\u00e9sordre et de la fermeture provisoire des lieux publics et lieux de r\u00e9unions.<\/p>\n<p>Dans sa strat\u00e9gie de lutte contre le Covid-19, le gouvernement a ordonn\u00e9 la fermeture de tous les lieux de culte et prohib\u00e9 les rassemblements publics.\u00a0A ce jour, 1182 cas de coronavirus ont \u00e9t\u00e9 d\u00e9clar\u00e9s au S\u00e9n\u00e9gal dont 372 gu\u00e9risons et 9 d\u00e9c\u00e8s.\u00a0<\/p>\n<p>La suspension des vols internationaux a port\u00e9 ses fruits puisqu\u2019il n\u2019y a plus de cas import\u00e9s mais les cas contacts suivis et surtout ceux communautaires se multiplient\u00a0\u00e0 un rythme inqui\u00e9tant.<\/p>\n<p>Le pr\u00e9sident de la R\u00e9publique Macky Sall a prorog\u00e9, pour une dur\u00e9e de 30 jours, l\u2019\u00e9tat d\u2019urgence en vigueur depuis le 23 mars dernier afin d\u2019affronter le nouveau coronavirus.Le d\u00e9cret, prorogeant l\u2019\u00e9tat d\u2019urgence sur toute l\u2019\u00e9tendue du territoire national, a \u00e9t\u00e9 sign\u00e9 par le chef de l\u2019Etat ce dimanche. S\u2019adressant \u00e0 ses concitoyens, dans un discours retransmis sur la Radiodiffusion T\u00e9l\u00e9vision S\u00e9n\u00e9galaise (RTS, publique), Macky Sall avait soulign\u00e9 que \u00ab la vitesse de progression de la maladie nous impose de relever le niveau de la riposte. A d\u00e9faut, nous courons un s\u00e9rieux\u00a0risque de calamit\u00e9 publique\u00a0\u00bb.<\/p>\n<p>Cet \u00e9tat d\u2019urgence est assorti d\u2019un\u00a0couvre-feu de 20 heures \u00e0 6 heures. Les pouvoirs publics, constatant la circulation rapide du virus, ont ensuite interdit le transport transr\u00e9gional.<\/p>\n<p>La loi sur l\u2019\u00e9tat d\u2019urgence conf\u00e8re aux autorit\u00e9s administratives comp\u00e9tentes un certain nombre de pouvoirs. Il s\u2019agit entre autres\u00a0de la r\u00e9glementation ou de l\u2019interdiction de la circulation des personnes, des v\u00e9hicules ou des biens dans certains lieux et \u00e0 certaines heures, de l\u2019interdiction, \u00e0 titre g\u00e9n\u00e9ral ou particulier, de tous cort\u00e8ges, d\u00e9fil\u00e9s, rassemblements et manifestations sur la voie publique, de l\u2019interdiction, \u00e0 titre g\u00e9n\u00e9ral ou particulier, des r\u00e9unions publiques ou priv\u00e9es de quelque nature qu\u2019elles soient, susceptibles de provoquer ou d\u2019entretenir le d\u00e9sordre et de la fermeture provisoire des lieux publics et lieux de r\u00e9unions.<\/p>\n<p>Dans sa strat\u00e9gie de lutte contre le Covid-19, le gouvernement a ordonn\u00e9 la fermeture de tous les lieux de culte et prohib\u00e9 les rassemblements publics.\u00a0A ce jour, 1182 cas de coronavirus ont \u00e9t\u00e9 d\u00e9clar\u00e9s au S\u00e9n\u00e9gal dont 372 gu\u00e9risons et 9 d\u00e9c\u00e8s.\u00a0<\/p>\n<p>La suspension des vols internationaux a port\u00e9 ses fruits puisqu\u2019il n\u2019y a plus de cas import\u00e9s mais les cas contacts suivis et surtout ceux communautaires se multiplient\u00a0\u00e0 un rythme inqui\u00e9tant.<\/p>\n<\/div>\n<p>Auteur: APA News<br \/>\n<a href=\"https:\/\/www.journalducameroun.com\/covid-19-letat-durgence-prolonge-au-senegal\/\">Cliquez ici pour lire l&rsquo;article depuis sa source.<\/a><\/p>\n","protected":false},"excerpt":{"rendered":"<p>Publi\u00e9 le 03.05.2020 \u00e0 22h18 par APA News Le pr\u00e9sident de la R\u00e9publique Macky Sall a prorog\u00e9, pour une dur\u00e9e de 30 jours, l\u2019\u00e9tat d\u2019urgence en vigueur depuis le 23 mars dernier afin d\u2019affronter le nouveau coronavirus.Le d\u00e9cret, prorogeant l\u2019\u00e9tat d\u2019urgence sur toute l\u2019\u00e9tendue du territoire national, a \u00e9t\u00e9 sign\u00e9 par le chef de l\u2019Etat [&hellip;]<\/p>\n","protected":false},"author":1965,"featured_media":0,"comment_status":"closed","ping_status":"closed","sticky":false,"template":"","format":"standard","meta":{"fifu_image_url":"","fifu_image_alt":"","footnotes":""},"categories":[73,82],"tags":[],"class_list":["post-84233","post","type-post","status-publish","format-standard","hentry","category-actualite","category-cameroun"],"_links":{"self":[{"href":"https:\/\/linitiative.ca\/International\/wp-json\/wp\/v2\/posts\/84233","targetHints":{"allow":["GET"]}}],"collection":[{"href":"https:\/\/linitiative.ca\/International\/wp-json\/wp\/v2\/posts"}],"about":[{"href":"https:\/\/linitiative.ca\/International\/wp-json\/wp\/v2\/types\/post"}],"author":[{"embeddable":true,"href":"https:\/\/linitiative.ca\/International\/wp-json\/wp\/v2\/users\/1965"}],"replies":[{"embeddable":true,"href":"https:\/\/linitiative.ca\/International\/wp-json\/wp\/v2\/comments?post=84233"}],"version-history":[{"count":0,"href":"https:\/\/linitiative.ca\/International\/wp-json\/wp\/v2\/posts\/84233\/revisions"}],"wp:attachment":[{"href":"https:\/\/linitiative.ca\/International\/wp-json\/wp\/v2\/media?parent=84233"}],"wp:term":[{"taxonomy":"category","embeddable":true,"href":"https:\/\/linitiative.ca\/International\/wp-json\/wp\/v2\/categories?post=84233"},{"taxonomy":"post_tag","embeddable":true,"href":"https:\/\/linitiative.ca\/International\/wp-json\/wp\/v2\/tags?post=84233"}],"curies":[{"name":"wp","href":"https:\/\/api.w.org\/{rel}","templated":true}]}}