{"id":84234,"date":"2020-05-03T10:29:48","date_gmt":"2020-05-03T14:29:48","guid":{"rendered":"https:\/\/linitiative.ca\/International\/la-minusca-annule-la-decision-interdisant-lentree-des-transporteurs-camerounais-en-rca\/"},"modified":"2020-05-03T10:29:48","modified_gmt":"2020-05-03T14:29:48","slug":"la-minusca-annule-la-decision-interdisant-lentree-des-transporteurs-camerounais-en-rca","status":"publish","type":"post","link":"https:\/\/linitiative.ca\/International\/la-minusca-annule-la-decision-interdisant-lentree-des-transporteurs-camerounais-en-rca\/","title":{"rendered":"La Minusca annule la d\u00e9cision interdisant l\u2019entr\u00e9e des transporteurs camerounais en RCA"},"content":{"rendered":"<div id=\"the-post\">\n<div class=\"featured-area featured-area-inner\"><img loading=\"lazy\" decoding=\"async\" width=\"780\" height=\"470\" src=\"https:\/\/ecomatin.net\/wp-content\/uploads\/2020\/05\/CMR-RCA-780x470.jpg\" class=\"attachment-jannah-image-post size-jannah-image-post wp-post-image\" alt=\"des camions Cameroun RCA\" data-attachment-id=\"15667\" data-permalink=\"https:\/\/ecomatin.net\/la-minusca-annule-la-decision-interdisant-lentree-des-transporteurs-camerounais-en-rca\/cmr-rca\/\" data-orig-file=\"https:\/\/ecomatin.net\/wp-content\/uploads\/2020\/05\/CMR-RCA.jpg\" data-orig-size=\"1200,675\" data-comments-opened=\"0\" data-image-meta=\"{&quot;aperture&quot;:&quot;0&quot;,&quot;credit&quot;:&quot;&quot;,&quot;camera&quot;:&quot;&quot;,&quot;caption&quot;:&quot;&quot;,&quot;created_timestamp&quot;:&quot;0&quot;,&quot;copyright&quot;:&quot;&quot;,&quot;focal_length&quot;:&quot;0&quot;,&quot;iso&quot;:&quot;0&quot;,&quot;shutter_speed&quot;:&quot;0&quot;,&quot;title&quot;:&quot;&quot;,&quot;orientation&quot;:&quot;0&quot;}\" data-image-title=\"CMR RCA\" data-image-description=\"\" data-medium-file=\"https:\/\/ecomatin.net\/wp-content\/uploads\/2020\/05\/CMR-RCA-300x169.jpg\" data-large-file=\"https:\/\/ecomatin.net\/wp-content\/uploads\/2020\/05\/CMR-RCA-1024x576.jpg\"\/><\/div>\n<div class=\"entry-content entry clearfix\" readability=\"39.261244019139\">\n<p>\u00a0Les d\u00e9cisions du Directeur de l\u2019Appui \u00e0 la mission de la Minusca ont fait long feu. 72 heures apr\u00e8s la note interdisant l\u2019entr\u00e9e des transporteurs de cargo, Milan\u00a0\u00a0Trojanovic revient sur ses pas. Le 1<sup>er<\/sup> Mai il \u00e9crit \u00ab\u00a0<em>Avec effet imm\u00e9diat, je voudrais vous informer qu\u2019en raison de malentendus flagrants de l\u2019objet des deux lettres ci-jointes dat\u00e9es respectivement des 28 et 30 avril, concernant le transport des marchandises entre le Cameroun et la R\u00e9publique centrafricaine par des entrepreneurs de la Minusca,\u00a0\u00a0j\u2019annule par la pr\u00e9sente ces deux lettres, dans leur int\u00e9gralit\u00e9. Toutes les questions qui y sont soulev\u00e9es sont nulles et non avenues<\/em>\u00a0\u00bb.<\/p>\n<p>Le Directeur \u00e0 l\u2019Appui \u00e0 la Minusca poursuit \u00ab\u00a0<em>En ce qui concerne le transport des marchandises de la Minusca,\u00a0\u00a0vous vous conformerez aux proc\u00e9dures, r\u00e8gles et r\u00e8glements en vigueur convenus bilat\u00e9ralement entre les gouvernements du Cameroun et de la R\u00e9publique centrafricaine pour la gestion des mouvements du secteur des transports \u00e0 travers la fronti\u00e8re<\/em>\u00a0\u00bb. Rappelons qu\u2019en date du 28 avril, Milan Trojanovic informait le public qu\u2019il ne veut plus des transporteurs camerounais de cargo sur son sol centrafricain. \u00ab <em>En raison de la situation actuelle, d\u2019urgence due \u00e0 la pand\u00e9mie du coronavirus, \u00e0 compter de ce jour aucun chauffeur ou tout autre passager en provenance du Cameroun ne sera permis d\u2019entrer en R\u00e9publique centrafricaine<\/em> \u00bb avait-il<\/p>\n<p><strong><code>&gt;LIRE AUSSI-<\/code> <a href=\"https:\/\/ecomatin.net\/lonu-ferme-les-frontieres-entre-le-cameroun-et-la-rca\/\">L\u2019ONU ferme les fronti\u00e8res entre le Cameroun et la RCA<\/a><\/strong><\/p>\n<div class=\"awac-wrapper awac widget posts-list-widget-13\">\n<h4 class=\"widget-title\">Recent Posts<\/h4>\n<\/div>\n<\/div>\n<\/div>\n<div readability=\"31.5\">\n<div class=\"container-wrapper subscribe-widget widget-inner-wrap subscribe-widget-content\" id=\"post-newsletter\" readability=\"33\">\n<h4>With Product You Purchase<\/h4>\n<h3>Subscribe to our mailing list to get the new updates!<\/h3>\n<p>Lorem ipsum dolor sit amet, consectetur.<\/p>\n<\/div>\n<\/div>\n<p>Auteur: EcoMatin<br \/>\n<a href=\"https:\/\/ecomatin.net\/la-minusca-annule-la-decision-interdisant-lentree-des-transporteurs-camerounais-en-rca\/\">Cliquez ici pour lire l&rsquo;article depuis sa source.<\/a><\/p>\n","protected":false},"excerpt":{"rendered":"<p>\u00a0Les d\u00e9cisions du Directeur de l\u2019Appui \u00e0 la mission de la Minusca ont fait long feu. 72 heures apr\u00e8s la note interdisant l\u2019entr\u00e9e des transporteurs de cargo, Milan\u00a0\u00a0Trojanovic revient sur ses pas. Le 1er Mai il \u00e9crit \u00ab\u00a0Avec effet imm\u00e9diat, je voudrais vous informer qu\u2019en raison de malentendus flagrants de l\u2019objet des deux lettres ci-jointes [&hellip;]<\/p>\n","protected":false},"author":1969,"featured_media":84235,"comment_status":"closed","ping_status":"closed","sticky":false,"template":"","format":"standard","meta":{"fifu_image_url":"","fifu_image_alt":"","footnotes":""},"categories":[82,78],"tags":[],"class_list":["post-84234","post","type-post","status-publish","format-standard","has-post-thumbnail","hentry","category-cameroun","category-economie"],"_links":{"self":[{"href":"https:\/\/linitiative.ca\/International\/wp-json\/wp\/v2\/posts\/84234","targetHints":{"allow":["GET"]}}],"collection":[{"href":"https:\/\/linitiative.ca\/International\/wp-json\/wp\/v2\/posts"}],"about":[{"href":"https:\/\/linitiative.ca\/International\/wp-json\/wp\/v2\/types\/post"}],"author":[{"embeddable":true,"href":"https:\/\/linitiative.ca\/International\/wp-json\/wp\/v2\/users\/1969"}],"replies":[{"embeddable":true,"href":"https:\/\/linitiative.ca\/International\/wp-json\/wp\/v2\/comments?post=84234"}],"version-history":[{"count":0,"href":"https:\/\/linitiative.ca\/International\/wp-json\/wp\/v2\/posts\/84234\/revisions"}],"wp:featuredmedia":[{"embeddable":true,"href":"https:\/\/linitiative.ca\/International\/wp-json\/"}],"wp:attachment":[{"href":"https:\/\/linitiative.ca\/International\/wp-json\/wp\/v2\/media?parent=84234"}],"wp:term":[{"taxonomy":"category","embeddable":true,"href":"https:\/\/linitiative.ca\/International\/wp-json\/wp\/v2\/categories?post=84234"},{"taxonomy":"post_tag","embeddable":true,"href":"https:\/\/linitiative.ca\/International\/wp-json\/wp\/v2\/tags?post=84234"}],"curies":[{"name":"wp","href":"https:\/\/api.w.org\/{rel}","templated":true}]}}