{"id":84236,"date":"2020-05-03T10:44:06","date_gmt":"2020-05-03T14:44:06","guid":{"rendered":"https:\/\/linitiative.ca\/International\/covid-19-le-groupe-sanlam-au-secours-des-pays-africains\/"},"modified":"2020-05-03T10:44:06","modified_gmt":"2020-05-03T14:44:06","slug":"covid-19-le-groupe-sanlam-au-secours-des-pays-africains","status":"publish","type":"post","link":"https:\/\/linitiative.ca\/International\/covid-19-le-groupe-sanlam-au-secours-des-pays-africains\/","title":{"rendered":"Covid-19 : le groupe Sanlam au secours des pays africains"},"content":{"rendered":"<div id=\"the-post\">\n<div class=\"featured-area featured-area-inner\"><img loading=\"lazy\" decoding=\"async\" width=\"628\" height=\"314\" src=\"https:\/\/ecomatin.net\/wp-content\/uploads\/2020\/05\/SAHAM.jpeg\" class=\"attachment-jannah-image-post size-jannah-image-post wp-post-image\" alt=\"Immeuble SAHAM\" srcset=\"https:\/\/ecomatin.net\/wp-content\/uploads\/2020\/05\/SAHAM.jpeg 628w, https:\/\/ecomatin.net\/wp-content\/uploads\/2020\/05\/SAHAM-300x150.jpeg 300w\" sizes=\"auto, (max-width: 628px) 100vw, 628px\" data-attachment-id=\"15670\" data-permalink=\"https:\/\/ecomatin.net\/covid-19-le-groupe-sanlam-au-secours-des-pays-africains\/saham-2\/\" data-orig-file=\"https:\/\/ecomatin.net\/wp-content\/uploads\/2020\/05\/SAHAM.jpeg\" data-orig-size=\"628,314\" data-comments-opened=\"0\" data-image-meta=\"{&quot;aperture&quot;:&quot;0&quot;,&quot;credit&quot;:&quot;&quot;,&quot;camera&quot;:&quot;&quot;,&quot;caption&quot;:&quot;&quot;,&quot;created_timestamp&quot;:&quot;0&quot;,&quot;copyright&quot;:&quot;&quot;,&quot;focal_length&quot;:&quot;0&quot;,&quot;iso&quot;:&quot;0&quot;,&quot;shutter_speed&quot;:&quot;0&quot;,&quot;title&quot;:&quot;&quot;,&quot;orientation&quot;:&quot;0&quot;}\" data-image-title=\"SAHAM\" data-image-description=\"\" data-medium-file=\"https:\/\/ecomatin.net\/wp-content\/uploads\/2020\/05\/SAHAM-300x150.jpeg\" data-large-file=\"https:\/\/ecomatin.net\/wp-content\/uploads\/2020\/05\/SAHAM.jpeg\"\/><\/div>\n<div class=\"entry-content entry clearfix\" readability=\"44.098234495247\">\n<p>Sanlam a fait don de 45 millions de rands (pr\u00e8s de 2,3 millions de dollars), l\u2019\u00e9quivalent de 1391 milliards FCFA pour soutenir diverses initiatives de lutte contre la pand\u00e9mie en Afrique et dans d\u2019autres territoires de pr\u00e9sence de SEM.\u00a0Les fonds ainsi allou\u00e9s par Sanlam visent \u00e0 soutenir les efforts pour \u00ab <em>aplatir la courbe<\/em> \u00bb, des gouvernements africains, et appuyer diverses initiatives de lutte contre la propagation et l\u2019impact du virus. Ces fonds dans l\u2019ensemble seront destin\u00e9s \u00e0 l\u2019achat d\u2019\u00e9quipements de protection individuelle (EPI), la distribution d\u2019aide alimentaire, la contribution aux fonds nationaux de solidarit\u00e9 et l\u2019assistance aux \u00e9coles dans le d\u00e9ploiement du e-learning.\u00a0\u00a0Cet appui sera revers\u00e9 au Cameroun \u00e0 travers Saham\u00a0Assurances, la filiale locale du groupe sud-africain\u00a0; laquelle a tripl\u00e9 son capital de 1,37 milliard de FCFA \u00e0 3,1 milliards FCFA en mai 2019.<\/p>\n<p>M. Heinie Werth, CEO de SEM, indique \u00e0 cet effet que chacun des 32 pays africains b\u00e9n\u00e9ficiera, \u00e0 l\u2019instar d\u2019autres territoires de pr\u00e9sence de Sanlam, des fonds mis \u00e0 la disposition des filiales locales du Groupe pour soutenir les initiatives de lutte contre le Coronavirus. \u00ab\u00a0<em>Nous sommes convaincus que cet effort contribuera non seulement \u00e0 freiner la propagation de la pand\u00e9mie, mais \u00e9galement \u00e0 assurer un avenir durable \u00e0 toutes nos communaut\u00e9s \u00e0 travers le continent. En outre, nos filiales op\u00e9rant dans ces pays peuvent apporter leur propre contribution en allouant des fonds suppl\u00e9mentaires aux efforts de lutte contre le Coronavirus<\/em> \u00bb.\u00a0<\/p>\n<p><strong><code>&gt;LIRE AUSSI -<\/code><a href=\"https:\/\/ecomatin.net\/assurance-saham-et-gmc-augmentent-leur-capital\/\">Assurance : Saham et GMC augmentent leur capital<\/a><\/strong><\/p>\n<div class=\"awac-wrapper awac widget posts-list-widget-13\">\n<h4 class=\"widget-title\">Recent Posts<\/h4>\n<\/div>\n<\/div>\n<\/div>\n<div readability=\"31.5\">\n<div class=\"container-wrapper subscribe-widget widget-inner-wrap subscribe-widget-content\" id=\"post-newsletter\" readability=\"33\">\n<h4>With Product You Purchase<\/h4>\n<h3>Subscribe to our mailing list to get the new updates!<\/h3>\n<p>Lorem ipsum dolor sit amet, consectetur.<\/p>\n<\/div>\n<\/div>\n<p>Auteur: EcoMatin<br \/>\n<a href=\"https:\/\/ecomatin.net\/covid-19-le-groupe-sanlam-au-secours-des-pays-africains\/\">Cliquez ici pour lire l&rsquo;article depuis sa source.<\/a><\/p>\n","protected":false},"excerpt":{"rendered":"<p>Sanlam a fait don de 45 millions de rands (pr\u00e8s de 2,3 millions de dollars), l\u2019\u00e9quivalent de 1391 milliards FCFA pour soutenir diverses initiatives de lutte contre la pand\u00e9mie en Afrique et dans d\u2019autres territoires de pr\u00e9sence de SEM.\u00a0Les fonds ainsi allou\u00e9s par Sanlam visent \u00e0 soutenir les efforts pour \u00ab aplatir la courbe \u00bb, [&hellip;]<\/p>\n","protected":false},"author":1969,"featured_media":84237,"comment_status":"closed","ping_status":"closed","sticky":false,"template":"","format":"standard","meta":{"fifu_image_url":"","fifu_image_alt":"","footnotes":""},"categories":[82,78],"tags":[],"class_list":["post-84236","post","type-post","status-publish","format-standard","has-post-thumbnail","hentry","category-cameroun","category-economie"],"_links":{"self":[{"href":"https:\/\/linitiative.ca\/International\/wp-json\/wp\/v2\/posts\/84236","targetHints":{"allow":["GET"]}}],"collection":[{"href":"https:\/\/linitiative.ca\/International\/wp-json\/wp\/v2\/posts"}],"about":[{"href":"https:\/\/linitiative.ca\/International\/wp-json\/wp\/v2\/types\/post"}],"author":[{"embeddable":true,"href":"https:\/\/linitiative.ca\/International\/wp-json\/wp\/v2\/users\/1969"}],"replies":[{"embeddable":true,"href":"https:\/\/linitiative.ca\/International\/wp-json\/wp\/v2\/comments?post=84236"}],"version-history":[{"count":0,"href":"https:\/\/linitiative.ca\/International\/wp-json\/wp\/v2\/posts\/84236\/revisions"}],"wp:featuredmedia":[{"embeddable":true,"href":"https:\/\/linitiative.ca\/International\/wp-json\/"}],"wp:attachment":[{"href":"https:\/\/linitiative.ca\/International\/wp-json\/wp\/v2\/media?parent=84236"}],"wp:term":[{"taxonomy":"category","embeddable":true,"href":"https:\/\/linitiative.ca\/International\/wp-json\/wp\/v2\/categories?post=84236"},{"taxonomy":"post_tag","embeddable":true,"href":"https:\/\/linitiative.ca\/International\/wp-json\/wp\/v2\/tags?post=84236"}],"curies":[{"name":"wp","href":"https:\/\/api.w.org\/{rel}","templated":true}]}}