{"id":84240,"date":"2020-05-04T10:11:59","date_gmt":"2020-05-04T14:11:59","guid":{"rendered":"https:\/\/linitiative.ca\/International\/fondation-lydec-un-engagement-societal-au-profit-des-familles-necessiteuses\/"},"modified":"2020-05-04T10:11:59","modified_gmt":"2020-05-04T14:11:59","slug":"fondation-lydec-un-engagement-societal-au-profit-des-familles-necessiteuses","status":"publish","type":"post","link":"https:\/\/linitiative.ca\/International\/fondation-lydec-un-engagement-societal-au-profit-des-familles-necessiteuses\/","title":{"rendered":"Fondation Lydec : Un engagement soci\u00e9tal au profit des familles n\u00e9cessiteuses"},"content":{"rendered":"<header>\n<\/header>\n<div class=\"entry-content clearfix\" readability=\"65\"><img decoding=\"async\" class=\"post_layout_5_img\" src=\"http:\/\/aujourdhui.ma\/wp-content\/uploads\/2020\/05\/Fondation-Lydec.jpg\" alt=\"Fondation Lydec : Un engagement soci&#xE9;tal au profit des familles n&#xE9;cessiteuses\"\/><\/p>\n<p><strong>L\u2019op\u00e9ration \u00ab\u00a0Ramadan Attadamoun\u00a0\u00bb est \u00e0 sa 8\u00e8me \u00e9dition. La Fondation Lydec reste ainsi fid\u00e8le \u00e0 son engagement de solidarit\u00e9 de proximit\u00e9 conform\u00e9ment \u00e0 sa d\u00e9marche RSE.<\/strong><span id=\"more-343840\"\/><\/p>\n<p>Dans ce contexte particulier de pand\u00e9mie et de confinement, elle perp\u00e9tue la tradition avec cette nouvelle op\u00e9ration au profit des familles vuln\u00e9rables dans le Grand Casablanca.<\/p>\n<p>Chaque ann\u00e9e, cette op\u00e9ration consiste \u00e0 distribuer des paniers de produits de premi\u00e8re n\u00e9cessit\u00e9 au profit de personnes et familles d\u00e9favoris\u00e9es. Cette ann\u00e9e, les paniers contiennent des produits d\u2019hygi\u00e8ne pour accompagner les gestes barri\u00e8res \u00e0 adopter afin de lutter contre la propagation du virus sur le territoire. Ce sont plus de 4.000 paniers qui sont distribu\u00e9s cette ann\u00e9e, via diff\u00e9rents canaux.<\/p>\n<p>Ce sont pr\u00e8s de 1.000 paniers de produits de premi\u00e8re n\u00e9cessit\u00e9 qui sont ainsi distribu\u00e9s aupr\u00e8s de foyers dans le besoin sur le Grand Casablanca via la Fondation Lydec, en partenariat avec la banque alimentaire. De plus, les d\u00e9l\u00e9gations pr\u00e9fectorales de Lydec, en coordination avec les autorit\u00e9s locales, distribuent 2.400 paniers et bons d\u2019achat sur le territoire du Grand Casablanca.<\/p>\n<p>Plus de 600 bons d\u2019achat pour des produits de premi\u00e8re n\u00e9cessit\u00e9 sont \u00e9galement directement distribu\u00e9s \u00e0 des personnes et familles dans le besoin par la Fondation Lydec et via sept autres associations.<\/p>\n<p>Par ailleurs, Lydec et sa Fondation, en partenariat avec l\u2019association Bidawa+ dans le cadre de l\u2019action \u00ab\u00a0Ordinateurs pour tous\u00a0\u00bb font un don de 20 ordinateurs reconditionn\u00e9s pour \u00e9quiper des familles casablancaises dans le besoin et leurs enfants afin qu\u2019ils puissent b\u00e9n\u00e9ficier du t\u00e9l\u00e9-enseignement mis en place.<\/p>\n<\/div>\n<p>Auteur: ALM<br \/>\n<a href=\"http:\/\/aujourdhui.ma\/actualite\/fondation-lydec-un-engagement-societal-au-profit-des-familles-necessiteuses\">Cliquez ici pour lire l&rsquo;article depuis sa source.<\/a><\/p>\n","protected":false},"excerpt":{"rendered":"<p>L\u2019op\u00e9ration \u00ab\u00a0Ramadan Attadamoun\u00a0\u00bb est \u00e0 sa 8\u00e8me \u00e9dition. La Fondation Lydec reste ainsi fid\u00e8le \u00e0 son engagement de solidarit\u00e9 de proximit\u00e9 conform\u00e9ment \u00e0 sa d\u00e9marche RSE. Dans ce contexte particulier de pand\u00e9mie et de confinement, elle perp\u00e9tue la tradition avec cette nouvelle op\u00e9ration au profit des familles vuln\u00e9rables dans le Grand Casablanca. Chaque ann\u00e9e, cette [&hellip;]<\/p>\n","protected":false},"author":1759,"featured_media":84241,"comment_status":"closed","ping_status":"closed","sticky":false,"template":"","format":"standard","meta":{"fifu_image_url":"","fifu_image_alt":"","footnotes":""},"categories":[73,54],"tags":[],"class_list":["post-84240","post","type-post","status-publish","format-standard","has-post-thumbnail","hentry","category-actualite","category-maroc"],"_links":{"self":[{"href":"https:\/\/linitiative.ca\/International\/wp-json\/wp\/v2\/posts\/84240","targetHints":{"allow":["GET"]}}],"collection":[{"href":"https:\/\/linitiative.ca\/International\/wp-json\/wp\/v2\/posts"}],"about":[{"href":"https:\/\/linitiative.ca\/International\/wp-json\/wp\/v2\/types\/post"}],"author":[{"embeddable":true,"href":"https:\/\/linitiative.ca\/International\/wp-json\/wp\/v2\/users\/1759"}],"replies":[{"embeddable":true,"href":"https:\/\/linitiative.ca\/International\/wp-json\/wp\/v2\/comments?post=84240"}],"version-history":[{"count":0,"href":"https:\/\/linitiative.ca\/International\/wp-json\/wp\/v2\/posts\/84240\/revisions"}],"wp:featuredmedia":[{"embeddable":true,"href":"https:\/\/linitiative.ca\/International\/wp-json\/"}],"wp:attachment":[{"href":"https:\/\/linitiative.ca\/International\/wp-json\/wp\/v2\/media?parent=84240"}],"wp:term":[{"taxonomy":"category","embeddable":true,"href":"https:\/\/linitiative.ca\/International\/wp-json\/wp\/v2\/categories?post=84240"},{"taxonomy":"post_tag","embeddable":true,"href":"https:\/\/linitiative.ca\/International\/wp-json\/wp\/v2\/tags?post=84240"}],"curies":[{"name":"wp","href":"https:\/\/api.w.org\/{rel}","templated":true}]}}