{"id":84242,"date":"2020-05-04T10:18:16","date_gmt":"2020-05-04T14:18:16","guid":{"rendered":"https:\/\/linitiative.ca\/International\/assistance-juridique-des-consultations-juridiques-gratuites-pour-les-mre\/"},"modified":"2020-05-04T10:18:16","modified_gmt":"2020-05-04T14:18:16","slug":"assistance-juridique-des-consultations-juridiques-gratuites-pour-les-mre","status":"publish","type":"post","link":"https:\/\/linitiative.ca\/International\/assistance-juridique-des-consultations-juridiques-gratuites-pour-les-mre\/","title":{"rendered":"Assistance juridique : Des consultations juridiques gratuites pour les MRE"},"content":{"rendered":"<header>\n<\/header>\n<div class=\"entry-content clearfix\" readability=\"62.041690140845\"><img decoding=\"async\" class=\"post_layout_5_img\" src=\"http:\/\/aujourdhui.ma\/wp-content\/uploads\/2020\/05\/avocat-union.jpg\" alt=\"Assistance juridique : Des consultations juridiques gratuites pour les MRE\"\/><\/p>\n<p>Le Minist\u00e8re D\u00e9l\u00e9gu\u00e9 aupr\u00e8s du Ministre des Affaires \u00c9trang\u00e8res, de la Coop\u00e9ration Africaine et des Marocains R\u00e9sidant \u00e0 l\u2019\u00c9tranger, Charg\u00e9 des Marocains R\u00e9sidant \u00e0 l\u2019\u00c9tranger<span id=\"more-343844\"\/>, annonce, dimanche, la mise \u00e0 disposition de l\u2019ensemble des citoyens Marocains r\u00e9sidant \u00e0 l\u2019\u00e9tranger d\u2019une liste de num\u00e9ros t\u00e9l\u00e9phoniques d\u2019avocates et d\u2019avocats qui r\u00e9pondront, \u00e0 titre b\u00e9n\u00e9vole, \u00e0 toutes leurs demandes d\u2019assistance juridique.<\/p>\n<p>Cette d\u00e9marche intervient \u00ab\u00a0pour appuyer l\u2019initiative entreprise par le r\u00e9seau des avocats marocains et d\u2019origine marocaine exer\u00e7ant \u00e0 l\u2019\u00e9tranger visant \u00e0 assister les Marocains r\u00e9sidant \u00e0 l\u2019\u00e9tranger et \u00e0 leur offrir du conseil juridique gracieusement, notamment en cette p\u00e9riode de propagation de la pand\u00e9mie de Coronavirus (Covid-19), indique le minist\u00e8re dans un communiqu\u00e9, faisant savoir que cette liste est accessible sur son portail : <a href=\"http:\/\/www.marocainsdumonde.gov.ma\">www.marocainsdumonde.gov.ma<\/a>.<\/p>\n<p>Cette initiative louable, d\u00e9ploy\u00e9e par l\u2019Association du r\u00e9seau des avocats marocains et d\u2019origine marocaine exer\u00e7ant \u00e0 l\u2019\u00e9tranger, qui intervient en interaction avec les d\u00e9cisions prises par les autorit\u00e9s des pays d\u2019accueil, vise \u00e0 prot\u00e9ger les droits et les int\u00e9r\u00eats des Marocains r\u00e9sidant \u00e0 l\u2019\u00e9tranger, et permet de leur fournir, dans le cadre de la solidarit\u00e9, l\u2019information juridique sollicit\u00e9e, selon la m\u00eame source. Cette initiative s\u2019inscrit dans le cadre du processus men\u00e9 par le Minist\u00e8re D\u00e9l\u00e9gu\u00e9 Charg\u00e9 des Marocains R\u00e9sidant \u00e0 l\u2019Etranger \u00ab\u00a0ayant trait \u00e0 la mobilisation des Comp\u00e9tences marocaines \u00e0 l\u2019\u00e9tranger et de l\u2019ensemble de ses partenaires de la soci\u00e9t\u00e9 civile au profit de nos concitoyens r\u00e9sidant \u00e0 l\u2019\u00e9tranger\u00a0\u00bb, poursuit le communiqu\u00e9.<\/p>\n<p><a href=\"http:\/\/aujourdhui.ma\/wp-content\/uploads\/2020\/05\/consultations-juridiques-gratuites-pour-les-MR.jpg\"><img loading=\"lazy\" decoding=\"async\" class=\"size-full wp-image-343850 aligncenter\" src=\"http:\/\/aujourdhui.ma\/wp-content\/uploads\/2020\/05\/consultations-juridiques-gratuites-pour-les-MR.jpg\" alt=\"\" width=\"800\" height=\"800\" srcset=\"http:\/\/aujourdhui.ma\/wp-content\/uploads\/2020\/05\/consultations-juridiques-gratuites-pour-les-MR.jpg 800w, http:\/\/aujourdhui.ma\/wp-content\/uploads\/2020\/05\/consultations-juridiques-gratuites-pour-les-MR-300x300.jpg 300w, http:\/\/aujourdhui.ma\/wp-content\/uploads\/2020\/05\/consultations-juridiques-gratuites-pour-les-MR-150x150.jpg 150w, http:\/\/aujourdhui.ma\/wp-content\/uploads\/2020\/05\/consultations-juridiques-gratuites-pour-les-MR-768x768.jpg 768w\" sizes=\"auto, (max-width: 800px) 100vw, 800px\"\/><\/a><\/p>\n<\/div>\n<p>Auteur: ALM<br \/>\n<a href=\"http:\/\/aujourdhui.ma\/actualite\/assistance-juridique-des-consultations-juridiques-gratuites-pour-les-mre\">Cliquez ici pour lire l&rsquo;article depuis sa source.<\/a><\/p>\n","protected":false},"excerpt":{"rendered":"<p>Le Minist\u00e8re D\u00e9l\u00e9gu\u00e9 aupr\u00e8s du Ministre des Affaires \u00c9trang\u00e8res, de la Coop\u00e9ration Africaine et des Marocains R\u00e9sidant \u00e0 l\u2019\u00c9tranger, Charg\u00e9 des Marocains R\u00e9sidant \u00e0 l\u2019\u00c9tranger, annonce, dimanche, la mise \u00e0 disposition de l\u2019ensemble des citoyens Marocains r\u00e9sidant \u00e0 l\u2019\u00e9tranger d\u2019une liste de num\u00e9ros t\u00e9l\u00e9phoniques d\u2019avocates et d\u2019avocats qui r\u00e9pondront, \u00e0 titre b\u00e9n\u00e9vole, \u00e0 toutes leurs [&hellip;]<\/p>\n","protected":false},"author":1759,"featured_media":84243,"comment_status":"closed","ping_status":"closed","sticky":false,"template":"","format":"standard","meta":{"fifu_image_url":"","fifu_image_alt":"","footnotes":""},"categories":[73,54],"tags":[],"class_list":["post-84242","post","type-post","status-publish","format-standard","has-post-thumbnail","hentry","category-actualite","category-maroc"],"_links":{"self":[{"href":"https:\/\/linitiative.ca\/International\/wp-json\/wp\/v2\/posts\/84242","targetHints":{"allow":["GET"]}}],"collection":[{"href":"https:\/\/linitiative.ca\/International\/wp-json\/wp\/v2\/posts"}],"about":[{"href":"https:\/\/linitiative.ca\/International\/wp-json\/wp\/v2\/types\/post"}],"author":[{"embeddable":true,"href":"https:\/\/linitiative.ca\/International\/wp-json\/wp\/v2\/users\/1759"}],"replies":[{"embeddable":true,"href":"https:\/\/linitiative.ca\/International\/wp-json\/wp\/v2\/comments?post=84242"}],"version-history":[{"count":0,"href":"https:\/\/linitiative.ca\/International\/wp-json\/wp\/v2\/posts\/84242\/revisions"}],"wp:featuredmedia":[{"embeddable":true,"href":"https:\/\/linitiative.ca\/International\/wp-json\/"}],"wp:attachment":[{"href":"https:\/\/linitiative.ca\/International\/wp-json\/wp\/v2\/media?parent=84242"}],"wp:term":[{"taxonomy":"category","embeddable":true,"href":"https:\/\/linitiative.ca\/International\/wp-json\/wp\/v2\/categories?post=84242"},{"taxonomy":"post_tag","embeddable":true,"href":"https:\/\/linitiative.ca\/International\/wp-json\/wp\/v2\/tags?post=84242"}],"curies":[{"name":"wp","href":"https:\/\/api.w.org\/{rel}","templated":true}]}}