{"id":84244,"date":"2020-05-04T10:19:16","date_gmt":"2020-05-04T14:19:16","guid":{"rendered":"https:\/\/linitiative.ca\/International\/taroudant-une-touriste-francaise-agressee-par-un-malade-mental\/"},"modified":"2020-05-04T10:19:16","modified_gmt":"2020-05-04T14:19:16","slug":"taroudant-une-touriste-francaise-agressee-par-un-malade-mental","status":"publish","type":"post","link":"https:\/\/linitiative.ca\/International\/taroudant-une-touriste-francaise-agressee-par-un-malade-mental\/","title":{"rendered":"Taroudant : Une touriste fran\u00e7aise agress\u00e9e par un malade mental"},"content":{"rendered":"<header>\n<\/header>\n<div class=\"entry-content clearfix\" readability=\"53\"><img decoding=\"async\" class=\"post_layout_5_img\" src=\"http:\/\/aujourdhui.ma\/wp-content\/uploads\/2016\/08\/Taroudant.jpg\" alt=\"Taroudant : Une touriste fran&#xE7;aise agress&#xE9;e par un malade mental\"\/><\/p>\n<p><strong>La Brigade de la police judiciaire de Taroudant a ouvert lundi une enqu\u00eate judiciaire sous la supervision du parquet comp\u00e9tent en vue de d\u00e9terminer les circonstances entourant l\u2019agression \u00e0 l\u2019arme blanche d\u2019une touriste fran\u00e7aise par un individu pr\u00e9sentant des signes de troubles mentaux.<\/strong> <span id=\"more-343843\"\/>Selon les premiers \u00e9l\u00e9ments de l\u2019enqu\u00eate, le mis en cause a agress\u00e9 physiquement une ressortissante fran\u00e7aise de 66 ans avec un couteau de cuisine, sans aucune raison logique ou apparente, en prof\u00e9rant des paroles incompr\u00e9hensibles, indique la Direction g\u00e9n\u00e9rale de la s\u00fbret\u00e9 nationale (DGSN) dans un communiqu\u00e9, pr\u00e9cisant que l\u2019agression a eu lieu alors que la victime se promenait, t\u00f4t lundi matin, pr\u00e8s d\u2019un parking de caravanes. Les enqu\u00eates et investigations montrent que le suspect a d\u00e9j\u00e0 \u00e9t\u00e9 admis dans un h\u00f4pital psychiatrique \u00e0 deux reprises, ajoute la m\u00eame source.<\/p>\n<p>La victime, qui a \u00e9t\u00e9 poignard\u00e9e au niveau de la main et du coup, a \u00e9t\u00e9 transf\u00e9r\u00e9e \u00e0 l\u2019h\u00f4pital en vue de recevoir les soins n\u00e9cessaires, fait savoir la DGSN, notant que le m\u00e9decin a relev\u00e9 que son \u00e9tat \u00e9tait stable et ne suscite pas d\u2019inqui\u00e9tude. Les \u00e9l\u00e9ments de la police judiciaire poursuivent leurs enqu\u00eates pr\u00e9liminaires sous la supervision du parquet comp\u00e9tent en vue de d\u00e9terminer les tenants et les aboutissants de cette agression, conclut le communiqu\u00e9.<\/p>\n<\/div>\n<p>Auteur: ALM<br \/>\n<a href=\"http:\/\/aujourdhui.ma\/actualite\/taroudant-une-touriste-francaise-agressee-par-un-malade-mental\">Cliquez ici pour lire l&rsquo;article depuis sa source.<\/a><\/p>\n","protected":false},"excerpt":{"rendered":"<p>La Brigade de la police judiciaire de Taroudant a ouvert lundi une enqu\u00eate judiciaire sous la supervision du parquet comp\u00e9tent en vue de d\u00e9terminer les circonstances entourant l\u2019agression \u00e0 l\u2019arme blanche d\u2019une touriste fran\u00e7aise par un individu pr\u00e9sentant des signes de troubles mentaux. Selon les premiers \u00e9l\u00e9ments de l\u2019enqu\u00eate, le mis en cause a agress\u00e9 [&hellip;]<\/p>\n","protected":false},"author":1759,"featured_media":84245,"comment_status":"closed","ping_status":"closed","sticky":false,"template":"","format":"standard","meta":{"fifu_image_url":"","fifu_image_alt":"","footnotes":""},"categories":[73,54],"tags":[],"class_list":["post-84244","post","type-post","status-publish","format-standard","has-post-thumbnail","hentry","category-actualite","category-maroc"],"_links":{"self":[{"href":"https:\/\/linitiative.ca\/International\/wp-json\/wp\/v2\/posts\/84244","targetHints":{"allow":["GET"]}}],"collection":[{"href":"https:\/\/linitiative.ca\/International\/wp-json\/wp\/v2\/posts"}],"about":[{"href":"https:\/\/linitiative.ca\/International\/wp-json\/wp\/v2\/types\/post"}],"author":[{"embeddable":true,"href":"https:\/\/linitiative.ca\/International\/wp-json\/wp\/v2\/users\/1759"}],"replies":[{"embeddable":true,"href":"https:\/\/linitiative.ca\/International\/wp-json\/wp\/v2\/comments?post=84244"}],"version-history":[{"count":0,"href":"https:\/\/linitiative.ca\/International\/wp-json\/wp\/v2\/posts\/84244\/revisions"}],"wp:featuredmedia":[{"embeddable":true,"href":"https:\/\/linitiative.ca\/International\/wp-json\/"}],"wp:attachment":[{"href":"https:\/\/linitiative.ca\/International\/wp-json\/wp\/v2\/media?parent=84244"}],"wp:term":[{"taxonomy":"category","embeddable":true,"href":"https:\/\/linitiative.ca\/International\/wp-json\/wp\/v2\/categories?post=84244"},{"taxonomy":"post_tag","embeddable":true,"href":"https:\/\/linitiative.ca\/International\/wp-json\/wp\/v2\/tags?post=84244"}],"curies":[{"name":"wp","href":"https:\/\/api.w.org\/{rel}","templated":true}]}}