{"id":84246,"date":"2020-05-04T10:24:22","date_gmt":"2020-05-04T14:24:22","guid":{"rendered":"https:\/\/linitiative.ca\/International\/tourisme-post-pandemie-un-plan-de-relance-propose-par-les-crt\/"},"modified":"2020-05-04T10:24:22","modified_gmt":"2020-05-04T14:24:22","slug":"tourisme-post-pandemie-un-plan-de-relance-propose-par-les-crt","status":"publish","type":"post","link":"https:\/\/linitiative.ca\/International\/tourisme-post-pandemie-un-plan-de-relance-propose-par-les-crt\/","title":{"rendered":"Tourisme post-pand\u00e9mie : Un plan de relance propos\u00e9 par les CRT"},"content":{"rendered":"<header>\n<\/header>\n<div class=\"entry-content clearfix\" readability=\"46\"><img decoding=\"async\" class=\"post_layout_5_img\" src=\"http:\/\/aujourdhui.ma\/wp-content\/uploads\/2020\/03\/agadir-tourisme.jpg\" alt=\"Tourisme post-pand&#xE9;mie : Un plan de relance propos&#xE9; par les CRT\"\/><\/p>\n<p><strong>Les pr\u00e9sidents des CRT du Maroc se mobilisent. Ils viennent d\u2019envoyer une lettre \u00e0 la ministre du tourisme, du transport et de l\u2019artisanat pour dresser un \u00e9tat des lieux d\u2019un secteur visiblement sinistr\u00e9 mais \u00e9galement proposer les premi\u00e8res pistes de relance.<\/strong><span id=\"more-343847\"\/> \u00abBien que cette pand\u00e9mie ait douloureusement affect\u00e9 notre secteur et cruellement affaibli l\u2019entreprise touristique et h\u00f4teli\u00e8re et l\u00e2ch\u00e9 plusieurs centaines de milliers d\u2019emplois vers l\u2019inconnu, c\u2019est aussi une opportunit\u00e9 historique pour revoir la structure de notre industrie touristique et de penser s\u00e9rieusement \u00e0 redonner de la force \u00e0 notre tourisme\u00bb, disent-ils. Et de poursuivre : \u00abLe tourisme au Maroc n\u2019a jamais b\u00e9n\u00e9fici\u00e9 d\u2019un plan de r\u00e9forme \u00e0 l\u2019instar des autres secteurs.<\/p>\n<p>Aussi, la faiblesse et la sous-capitalisation des entreprises touristiques et h\u00f4teli\u00e8res se sont profond\u00e9ment aggrav\u00e9es par la pand\u00e9mie du Covid-19 et ont induit une tr\u00e9sorerie d\u00e9ficitaire, une incapacit\u00e9 de faire face \u00e0 des d\u00e9penses urgentes de mise \u00e0 niveau des produits sans oublier une incapacit\u00e9 d\u2019honorer des redevances fiscales tr\u00e8s lourdes\u00bb. C\u2019est pour cette raison que les pr\u00e9sidents des CRT demandent \u00abune exon\u00e9ration des taxes locales pour une dur\u00e9e de 12 mois ainsi qu\u2019une exon\u00e9ration des charges sociales et patronales CNSS, l\u2019IGR et de l\u2019IS pour une dur\u00e9e similaire\u00bb. Il est question pour la m\u00eame source de la suppression de \u00abtoutes les charges du secteur touristique en g\u00e9n\u00e9ral y compris celles de la restauration et surtout supprimer les diff\u00e9rentes taxes communales et les loyers \u00e0 payer pendant cette p\u00e9riode de pand\u00e9mie et de fermeture des soci\u00e9t\u00e9s pour une dur\u00e9e de 12 mois\u00bb.<\/p>\n<\/div>\n<p>Auteur: ALM<br \/>\n<a href=\"http:\/\/aujourdhui.ma\/actualite\/tourisme-post-pandemie-un-plan-de-relance-propose-par-les-crt\">Cliquez ici pour lire l&rsquo;article depuis sa source.<\/a><\/p>\n","protected":false},"excerpt":{"rendered":"<p>Les pr\u00e9sidents des CRT du Maroc se mobilisent. Ils viennent d\u2019envoyer une lettre \u00e0 la ministre du tourisme, du transport et de l\u2019artisanat pour dresser un \u00e9tat des lieux d\u2019un secteur visiblement sinistr\u00e9 mais \u00e9galement proposer les premi\u00e8res pistes de relance. \u00abBien que cette pand\u00e9mie ait douloureusement affect\u00e9 notre secteur et cruellement affaibli l\u2019entreprise touristique [&hellip;]<\/p>\n","protected":false},"author":1759,"featured_media":84247,"comment_status":"closed","ping_status":"closed","sticky":false,"template":"","format":"standard","meta":{"fifu_image_url":"","fifu_image_alt":"","footnotes":""},"categories":[73,54],"tags":[],"class_list":["post-84246","post","type-post","status-publish","format-standard","has-post-thumbnail","hentry","category-actualite","category-maroc"],"_links":{"self":[{"href":"https:\/\/linitiative.ca\/International\/wp-json\/wp\/v2\/posts\/84246","targetHints":{"allow":["GET"]}}],"collection":[{"href":"https:\/\/linitiative.ca\/International\/wp-json\/wp\/v2\/posts"}],"about":[{"href":"https:\/\/linitiative.ca\/International\/wp-json\/wp\/v2\/types\/post"}],"author":[{"embeddable":true,"href":"https:\/\/linitiative.ca\/International\/wp-json\/wp\/v2\/users\/1759"}],"replies":[{"embeddable":true,"href":"https:\/\/linitiative.ca\/International\/wp-json\/wp\/v2\/comments?post=84246"}],"version-history":[{"count":0,"href":"https:\/\/linitiative.ca\/International\/wp-json\/wp\/v2\/posts\/84246\/revisions"}],"wp:featuredmedia":[{"embeddable":true,"href":"https:\/\/linitiative.ca\/International\/wp-json\/"}],"wp:attachment":[{"href":"https:\/\/linitiative.ca\/International\/wp-json\/wp\/v2\/media?parent=84246"}],"wp:term":[{"taxonomy":"category","embeddable":true,"href":"https:\/\/linitiative.ca\/International\/wp-json\/wp\/v2\/categories?post=84246"},{"taxonomy":"post_tag","embeddable":true,"href":"https:\/\/linitiative.ca\/International\/wp-json\/wp\/v2\/tags?post=84246"}],"curies":[{"name":"wp","href":"https:\/\/api.w.org\/{rel}","templated":true}]}}