{"id":84252,"date":"2020-05-04T11:17:05","date_gmt":"2020-05-04T15:17:05","guid":{"rendered":"https:\/\/linitiative.ca\/International\/premiere-reunion-de-la-federation-en-attendant-le-verdict-gouvernemental%ef%bb%bf\/"},"modified":"2020-05-04T11:17:05","modified_gmt":"2020-05-04T15:17:05","slug":"premiere-reunion-de-la-federation-en-attendant-le-verdict-gouvernemental%ef%bb%bf","status":"publish","type":"post","link":"https:\/\/linitiative.ca\/International\/premiere-reunion-de-la-federation-en-attendant-le-verdict-gouvernemental%ef%bb%bf\/","title":{"rendered":"Premi\u00e8re r\u00e9union de la F\u00e9d\u00e9ration en attendant le verdict gouvernemental\ufeff"},"content":{"rendered":"<div>\n<p style=\"text-align:left\" class=\"has-text-color has-vivid-cyan-blue-color\"><strong>La F&eacute;d&eacute;ration royale marocaine de football <\/strong>(FRMF)<strong>s&rsquo;appr&ecirc;te &agrave; tenir la premi&egrave;re r&eacute;union de son comit&eacute; directeur depuis plus d&rsquo;un mois et plus pr&eacute;cis&eacute;ment depuis le 14 mars dernier, date de la suspension de toutes les comp&eacute;titions sportives et les rassemblements pris par les autorit&eacute;s nationales pour cause de la pand&eacute;mie de Coronavirus. L&rsquo;ordre du jour de cette r&eacute;union balance entre deux points &agrave; discuter par les membres f&eacute;d&eacute;raux entre la reprise et l&rsquo;annulation de la Botola en attendant le verdict gouvernemental.<\/strong><\/p>\n<p>La r&eacute;union du<br \/>\nbureau de la FRMF, &agrave; distance soit-elle, co&iuml;ncide avec le mardi 5 mai, d&eacute;lai<br \/>\nfix&eacute; par la conf&eacute;d&eacute;ration africaine de football &agrave; ses f&eacute;d&eacute;rations membres pour<br \/>\ndonner des r&eacute;ponses claires sur la situation g&eacute;n&eacute;rale de leurs championnats<br \/>\nrespectifs, ainsi qu&rsquo;une d&eacute;cision pr&eacute;cise sur la&nbsp; date de reprise ou non des comp&eacute;titions apr&egrave;s<br \/>\nl&rsquo;arr&ecirc;t forc&eacute; d&ucirc; &agrave;<br \/>\nla pand&eacute;mie.<\/p>\n<p>La FRMF qui n&rsquo;a<br \/>\npas jug&eacute; utile de r&eacute;pondre la conf&eacute;d&eacute;ration africaine &agrave; temps, tout en niant<br \/>\naucune relation de sa r&eacute;union avec le communiqu&eacute; de la CAF adress&eacute; &agrave; ses<br \/>\nf&eacute;d&eacute;rations dans ce sens, serait appel&eacute;e &agrave; prendre une premi&egrave;re d&eacute;cision<br \/>\nd&eacute;cisive concernant le sort du championnat national, toutes cat&eacute;gories<br \/>\nconfondues dans celles des amateurs, f&eacute;minin et du futsal.<\/p>\n<p>Des<br \/>\n&eacute;ventualit&eacute;s sont &agrave; afficher dans cette r&eacute;union f&eacute;d&eacute;rale notamment pour le<br \/>\ndestin de la Botola en attendant la d&eacute;cision finale du gouvernement marocain<br \/>\navant le 20 mai courant pour le prolongement ou la fin de l&rsquo;&eacute;tat d&rsquo;urgence<br \/>\nsanitaire.<\/p>\n<p>Dans<br \/>\nl&rsquo;ensemble, deux sc&eacute;narios restent plus proches, l&rsquo;un de l&rsquo;autre.<\/p>\n<p>Le premier<br \/>\nsc&eacute;nario attendu par la majorit&eacute; des membres f&eacute;d&eacute;raux rel&egrave;ve d&rsquo;une possible<br \/>\nreprise des comp&eacute;titions &agrave; la mi-juin prochain au cas o&ugrave; le confinement<br \/>\nsanitaire s&rsquo;ach&egrave;ve dans son d&eacute;lai du 20 mai. Cela avec la prise d&rsquo;un ensemble<br \/>\nde mesures pr&eacute;ventives et une s&eacute;rie de conditions allant jusqu&rsquo;&agrave; programmer les<br \/>\nmatches sans public et jusqu&rsquo;&agrave; la fin de saison.<\/p>\n<p>Le deuxi&egrave;me<br \/>\nsc&eacute;nario ne sera autre que la fin de saison avant terme si l&rsquo;&eacute;tat d&rsquo;urgence<br \/>\nsanitaire se prolonge vers un 3<sup>e<\/sup> mois suppl&eacute;mentaire voire plus que<br \/>\nDieu n&rsquo;en d&eacute;plaise.<\/p>\n<p>Et si la<br \/>\nsant&eacute; de tous les Marocains reste prioritaire avant tout, la F&eacute;d&eacute;ration<br \/>\nn&rsquo;exclue pas l&rsquo;&eacute;ventualit&eacute; de la reprise de la Botola quelque soit les<br \/>\ncons&eacute;quences d&rsquo;une fin de saison tardive.<\/p>\n<p>Dans cette<br \/>\nsituation, la f&eacute;d&eacute;ration compte commencer par le d&eacute;roulement de tous les<br \/>\nmatches en retard qui sont encore nombreux (pas moins d&rsquo;une douzaine dont un<br \/>\ncertain DHJ-Raja pas encore reprogramm&eacute;). Aussi, tous les matches des 10 journ&eacute;es<br \/>\nrestant encore &agrave; disputer devront se d&eacute;rouler &agrave; huis clos et les joueurs ne<br \/>\npeuvent pas fouler le gazon sans avoir les examens m&eacute;dicaux n&eacute;cessaires ainsi<br \/>\nque tous leurs accompagnants justifiant leur aptitude sanitaire.<\/p>\n<p>Ce se sont<br \/>\nl&agrave; les mesures exig&eacute;es et qui seront prises dans le cas d&rsquo;une &eacute;ventuelle<br \/>\nreprise de la Botola. Car, sinc&egrave;rement parlant, on ne voit pas comment les<br \/>\nchoses pourraient tourner autrement notamment vers une saison blanche qui serait<br \/>\npleine de cons&eacute;quences pour notre f&eacute;d&eacute;ration toujours en manque d&rsquo;options<br \/>\nclaires et visions d&rsquo;avenir.<\/p>\n<p>Notre<br \/>\nF&eacute;d&eacute;ration marocaine qui reste impuissante ne peut m&ecirc;me pas suivre l&rsquo;exemple de<br \/>\nson homologue fran&ccedil;aise qui venait de siffler la fin de saison avant terme tout<br \/>\nen d&eacute;clarant le PSG champion, alors que d&rsquo;autres<br \/>\nclubs ont &eacute;t&eacute; qualifi&eacute;s pour la ligue des champions, d&rsquo;autres y ont &eacute;t&eacute; priv&eacute;s tandis que certains ont<br \/>\n&eacute;t&eacute; rel&eacute;gu&eacute;s et d&rsquo;autres ont eu le luxe de la mont&eacute;e&hellip; Tous sans pouvoir<br \/>\nterminer la saison. Ce qui pourrait d&eacute;clencher une vague de litiges par les clubs l&eacute;s&eacute;s devant la<br \/>\njustice sportive et administrative.<\/p>\n<p>En France,<br \/>\nla loi est sacr&eacute;e, la Ligue comme les clubs peuvent en subir les cons&eacute;quences<br \/>\nd&rsquo;un tel sort.<\/p>\n<p>Chez nous,<br \/>\nnotre F&eacute;d&eacute; et nos clubs ne peuvent pas s&rsquo;en sortir. Notre f&eacute;d&eacute; ne peut ainsi<br \/>\nque trouver des solutions plus r&eacute;alistes et ad&eacute;quates entre tous ses membres surtout en l&rsquo;absence des<br \/>\nlois claires et nettes r&eacute;gissant l&rsquo;annulation ou la saison blanche de n&rsquo;importe<br \/>\nquel championnat&hellip; Sauf en cas de force majeur pour tout le pays o&ugrave; tout<br \/>\npourrait &ecirc;tre retourn&eacute; au point de d&eacute;part sans aucun jugement quelconque&hellip;<\/p>\n<p>Alors,<br \/>\nesp&eacute;rons une fin positive pour notre football et notre f&eacute;d&eacute;ration qui nous a<br \/>\nsouvent habitu&eacute;s de l&rsquo;aspect tardif dans la majorit&eacute; de ses comp&eacute;titions. Il<br \/>\nn&rsquo;y aura certainement pas de probl&egrave;me si la saison se prolonge jusqu&rsquo;&agrave; la fin<br \/>\nao&ucirc;t ou d&eacute;but septembre et que le d&eacute;marrage de la prochaine saison se d&eacute;cale au<br \/>\nmois d&rsquo;octobre, voire novembre.<\/p>\n<p>Pourquoi<br \/>\npas&hellip;?<\/p>\n<p>La fameuse<br \/>\ncommission de programmation de notre f&eacute;d&eacute; pourrait se reprendre lors de la<br \/>\nprochaine saison en r&eacute;duisant par exemple, l&rsquo;arr&ecirc;t de la p&eacute;riode hivernale d&rsquo;un mois et demi &agrave; une dizaine de jours seulement pour<br \/>\naller sur les traces de la programmation des diff&eacute;rents championnats europ&eacute;ens.<\/p>\n<p>Que notre<br \/>\nf&eacute;d&eacute; puisse s&rsquo;y inspirer&hellip;<\/p>\n<p style=\"text-align:right\"><strong>Rachid Lebchir<\/strong><\/p>\n<p>L&rsquo;article <a rel=\"nofollow\" href=\"http:\/\/albayane.press.ma\/premiere-reunion-de-la-federation-en-attendant-le-verdict-gouvernemental%EF%BB%BF.html\">Premi&egrave;re r&eacute;union de la F&eacute;d&eacute;ration en attendant le verdict gouvernemental&#65279;<\/a> est apparu en premier sur <a rel=\"nofollow\" href=\"http:\/\/albayane.press.ma\/\">ALBAYANE<\/a>.<\/p>\n<\/div>\n<p>Auteur: M&rsquo;hammed rahal<br \/>\n<a href=\"http:\/\/albayane.press.ma\/premiere-reunion-de-la-federation-en-attendant-le-verdict-gouvernemental%EF%BB%BF.html\">Cliquez ici pour lire l&rsquo;article depuis sa source.<\/a><\/p>\n","protected":false},"excerpt":{"rendered":"<p>La F&eacute;d&eacute;ration royale marocaine de football (FRMF)s&rsquo;appr&ecirc;te &agrave; tenir la premi&egrave;re r&eacute;union de son comit&eacute; directeur depuis plus d&rsquo;un mois et plus pr&eacute;cis&eacute;ment depuis le 14 mars dernier, date de la suspension de toutes les comp&eacute;titions sportives et les rassemblements pris par les autorit&eacute;s nationales pour cause de la pand&eacute;mie de Coronavirus. L&rsquo;ordre du jour [&hellip;]<\/p>\n","protected":false},"author":1760,"featured_media":0,"comment_status":"closed","ping_status":"closed","sticky":false,"template":"","format":"standard","meta":{"fifu_image_url":"","fifu_image_alt":"","footnotes":""},"categories":[73,54],"tags":[],"class_list":["post-84252","post","type-post","status-publish","format-standard","hentry","category-actualite","category-maroc"],"_links":{"self":[{"href":"https:\/\/linitiative.ca\/International\/wp-json\/wp\/v2\/posts\/84252","targetHints":{"allow":["GET"]}}],"collection":[{"href":"https:\/\/linitiative.ca\/International\/wp-json\/wp\/v2\/posts"}],"about":[{"href":"https:\/\/linitiative.ca\/International\/wp-json\/wp\/v2\/types\/post"}],"author":[{"embeddable":true,"href":"https:\/\/linitiative.ca\/International\/wp-json\/wp\/v2\/users\/1760"}],"replies":[{"embeddable":true,"href":"https:\/\/linitiative.ca\/International\/wp-json\/wp\/v2\/comments?post=84252"}],"version-history":[{"count":0,"href":"https:\/\/linitiative.ca\/International\/wp-json\/wp\/v2\/posts\/84252\/revisions"}],"wp:attachment":[{"href":"https:\/\/linitiative.ca\/International\/wp-json\/wp\/v2\/media?parent=84252"}],"wp:term":[{"taxonomy":"category","embeddable":true,"href":"https:\/\/linitiative.ca\/International\/wp-json\/wp\/v2\/categories?post=84252"},{"taxonomy":"post_tag","embeddable":true,"href":"https:\/\/linitiative.ca\/International\/wp-json\/wp\/v2\/tags?post=84252"}],"curies":[{"name":"wp","href":"https:\/\/api.w.org\/{rel}","templated":true}]}}