{"id":84254,"date":"2020-05-04T13:03:26","date_gmt":"2020-05-04T17:03:26","guid":{"rendered":"https:\/\/linitiative.ca\/International\/deces-de-idir-disparition-dune-icone-de-lart-algerien\/"},"modified":"2020-05-04T13:03:26","modified_gmt":"2020-05-04T17:03:26","slug":"deces-de-idir-disparition-dune-icone-de-lart-algerien","status":"publish","type":"post","link":"https:\/\/linitiative.ca\/International\/deces-de-idir-disparition-dune-icone-de-lart-algerien\/","title":{"rendered":"D\u00e9c\u00e8s de Idir: disparition d&rsquo;une ic\u00f4ne de l&rsquo;art alg\u00e9rien"},"content":{"rendered":"<div readability=\"36\">\n<p><strong>ALGER &#8211; La disparition de l&rsquo;ic\u00f4ne de la chanson kabyle, Idir, aura suscit\u00e9 l&rsquo;\u00e9moi des personnalit\u00e9s politiques ainsi que chez les innombrables fans saluant la m\u00e9moire de l&rsquo;artiste et regrettant la perte d&rsquo;une \u00ab\u00a0ic\u00f4ne de l&rsquo;art alg\u00e9rien\u00a0\u00bb.<\/strong><\/p>\n<\/div>\n<div readability=\"80.941593259288\">\n<p>Le Pr\u00e9sident de la R\u00e9publique, M. Abdelmadjid Tebboune a adress\u00e9 dimanche un message de condol\u00e9ances \u00e0 la famille de l&rsquo;artiste Idir, d\u00e9c\u00e9d\u00e9 samedi soir, le qualifiant \u00ab\u00a0d&rsquo;ic\u00f4ne de l\u2019art alg\u00e9rien, \u00e0 la renomm\u00e9e internationale\u00a0\u00bb.<\/p>\n<p>\u00ab\u00a0J\u2019ai appris avec beaucoup de regret et de tristesse la nouvelle de la disparition de feu Hamid Cheriet, connu sous le nom artistique d\u2019Idir, l\u2019ic\u00f4ne de l\u2019art alg\u00e9rien, \u00e0 la renomm\u00e9e internationale, a \u00e9crit le chef de l\u2019Etat sur son compte Twitter.<\/p>\n<hr\/>\n<h3>Lire aussi:\u00a0<a href=\"http:\/\/www.aps.dz\/culture\/104668-personnalites-du-monde-de-la-culture-et-internautes-saluent-la-memoire-de-idir\" target=\"_blank\" rel=\"noopener noreferrer\">Personnalit\u00e9s du monde de la culture et internautes saluent la m\u00e9moire de Idir<\/a><\/h3>\n<hr\/>\n<p>Le pr\u00e9sident du Conseil de la nation par int\u00e9rim Salah Goudjil a \u00e9galement pr\u00e9sent\u00e9 ses condol\u00e9ances \u00e0 la famille d&rsquo;une \u00ab\u00a0ic\u00f4ne de l&rsquo;art alg\u00e9rien authentique\u00a0\u00bb.<\/p>\n<p>\u00ab\u00a0Affect\u00e9 par cette disparition\u00a0\u00bb, le Premier ministre Abdelaziz Djerad, qui a adress\u00e9 un message de condol\u00e9ances \u00e0 la famille de Idir,a qualifi\u00e9 l&rsquo;artiste de \u00ab\u00a0grande perte pour l&rsquo;Alg\u00e9rie\u00a0\u00bb ajoutant que l&rsquo;Alg\u00e9rie perdait \u00ab\u00a0un de ses plus grands artistes\u00a0\u00bb qui restera pr\u00e9sent dans les m\u00e9moires par son \u0153uvre.<\/p>\n<p>Dans un message de condol\u00e9ances la ministre de la Culture Malika Bendouda a consid\u00e9r\u00e9 que la \u00ab\u00a0disparition d&rsquo;un artiste de la trempe d&rsquo;Idir laisse un grand vide dans le monde de l&rsquo;art alg\u00e9rien\u00a0\u00bb.<\/p>\n<p>Le ministre de la Communication et Porte-parole du Gouvernement, M. Ammar Belhimer, a \u00e9galement\u00a0 adress\u00e9 ses condol\u00e9ances \u00e0 la famille de cette ic\u00f4ne de la chanson alg\u00e9rienne o\u00f9 il dit en \u00e9voquant cette disparition \u00ab\u00a0Tlam yugh tamurt, assmi i d-ewwedh lmut\u00a0\u00bb. L&rsquo;obscurit\u00e9 a envahi le pays quand la mort est arriv\u00e9e\u00a0\u00bb.<\/p>\n<blockquote readability=\"10\">\n<p><em><strong>\u00ab\u00a0Attrist\u00e9\u00a0\u00bb par la perte de cet \u00ab\u00a0immense auteur-compositeur qui a marqu\u00e9 plusieurs g\u00e9n\u00e9rations\u00a0\u00bb, le Directeur G\u00e9n\u00e9ral de l\u2019agence Alg\u00e9rie Presse Service (APS), Fakhreddine Beldi a adress\u00e9 un message de condol\u00e9ances \u00e0 la famille de l&rsquo;artiste qu&rsquo;il consid\u00e8re comme \u00ab\u00a0l&rsquo;un des rares enfants de l\u2019Alg\u00e9rie qui ont su revisiter notre patrimoine culturel ancestral et le riche terroir de Kabylie pour porter et promouvoir cet art au del\u00e0 de nos fronti\u00e8res\u00a0\u00bb et \u00ab\u00a0s&rsquo;ouvrir sur d&rsquo;autres cultures\u00a0\u00bb.<\/strong><\/em><\/p>\n<\/blockquote>\n<p>Saluant la m\u00e9moire de cet artiste qui a \u0153uvr\u00e9 par son art pour \u00ab\u00a0le rapprochement entre les cultures\u00a0\u00bb, le Directeur g\u00e9n\u00e9ral de la radio alg\u00e9rienne Djamel Sanhadri a \u00e9galement adress\u00e9 ses condol\u00e9ances \u00e0 la famille de l&rsquo;artiste.<\/p>\n<p>Le Directeur g\u00e9n\u00e9ral de la t\u00e9l\u00e9vision alg\u00e9rienne Ahmed Bensebane a lui aussi adress\u00e9 ses condol\u00e9ances \u00e0 la famille du d\u00e9funt.<\/p>\n<p>Idir est d\u00e9c\u00e9d\u00e9 dans la nuit du samedi \u00e0 dimanche dans un h\u00f4pital parisien, \u00e0 l&rsquo;\u00e2ge de 71 ans des suites d&rsquo;une longue maladie.<\/p>\n<\/div>\n<p>Auteur:<br \/>\n<a href=\"http:\/\/www.aps.dz\/culture\/104677-deces-de-idir-disparition-d-une-icone-de-l-art-algerien\">Cliquez ici pour lire l&rsquo;article depuis sa source.<\/a><\/p>\n","protected":false},"excerpt":{"rendered":"<p>ALGER &#8211; La disparition de l&rsquo;ic\u00f4ne de la chanson kabyle, Idir, aura suscit\u00e9 l&rsquo;\u00e9moi des personnalit\u00e9s politiques ainsi que chez les innombrables fans saluant la m\u00e9moire de l&rsquo;artiste et regrettant la perte d&rsquo;une \u00ab\u00a0ic\u00f4ne de l&rsquo;art alg\u00e9rien\u00a0\u00bb. Le Pr\u00e9sident de la R\u00e9publique, M. Abdelmadjid Tebboune a adress\u00e9 dimanche un message de condol\u00e9ances \u00e0 la famille [&hellip;]<\/p>\n","protected":false},"author":1790,"featured_media":0,"comment_status":"closed","ping_status":"closed","sticky":false,"template":"","format":"standard","meta":{"fifu_image_url":"","fifu_image_alt":"","footnotes":""},"categories":[53,79],"tags":[],"class_list":["post-84254","post","type-post","status-publish","format-standard","hentry","category-algerie","category-culture"],"_links":{"self":[{"href":"https:\/\/linitiative.ca\/International\/wp-json\/wp\/v2\/posts\/84254","targetHints":{"allow":["GET"]}}],"collection":[{"href":"https:\/\/linitiative.ca\/International\/wp-json\/wp\/v2\/posts"}],"about":[{"href":"https:\/\/linitiative.ca\/International\/wp-json\/wp\/v2\/types\/post"}],"author":[{"embeddable":true,"href":"https:\/\/linitiative.ca\/International\/wp-json\/wp\/v2\/users\/1790"}],"replies":[{"embeddable":true,"href":"https:\/\/linitiative.ca\/International\/wp-json\/wp\/v2\/comments?post=84254"}],"version-history":[{"count":0,"href":"https:\/\/linitiative.ca\/International\/wp-json\/wp\/v2\/posts\/84254\/revisions"}],"wp:attachment":[{"href":"https:\/\/linitiative.ca\/International\/wp-json\/wp\/v2\/media?parent=84254"}],"wp:term":[{"taxonomy":"category","embeddable":true,"href":"https:\/\/linitiative.ca\/International\/wp-json\/wp\/v2\/categories?post=84254"},{"taxonomy":"post_tag","embeddable":true,"href":"https:\/\/linitiative.ca\/International\/wp-json\/wp\/v2\/tags?post=84254"}],"curies":[{"name":"wp","href":"https:\/\/api.w.org\/{rel}","templated":true}]}}