{"id":84255,"date":"2020-05-04T13:03:28","date_gmt":"2020-05-04T17:03:28","guid":{"rendered":"https:\/\/linitiative.ca\/International\/deces-didir-reactions-dartistes-de-sportifs-et-dhommes-politiques-de-letranger\/"},"modified":"2020-05-04T13:03:28","modified_gmt":"2020-05-04T17:03:28","slug":"deces-didir-reactions-dartistes-de-sportifs-et-dhommes-politiques-de-letranger","status":"publish","type":"post","link":"https:\/\/linitiative.ca\/International\/deces-didir-reactions-dartistes-de-sportifs-et-dhommes-politiques-de-letranger\/","title":{"rendered":"D\u00e9c\u00e8s d&rsquo;Idir: r\u00e9actions d&rsquo;artistes, de sportifs et d&rsquo;hommes politiques de l&rsquo;\u00e9tranger"},"content":{"rendered":"<div readability=\"37\">\n<p><strong>ALGER &#8211; La disparition samedi de l&rsquo;ic\u00f4ne de la chanson kabyle Idir n&rsquo;a pas manqu\u00e9 d&rsquo;\u00e9mouvoir des personnalit\u00e9s internationales du monde des arts et de la culture mais aussi certaines figures politiques et des sportifs de renom, dans la suite des r\u00e9actions en Alg\u00e9rie des officiels, d&rsquo;hommes de lettres et de citoyens.<\/strong><\/p>\n<\/div>\n<div readability=\"95\">\n<p>\u00ab\u00a0Tu as marqu\u00e9 mon enfance (&#8230;) Je n&rsquo;oublierai jamais notre rencontre\u00a0\u00bb, a \u00e9crit sur Instagram la l\u00e9gende du football fran\u00e7ais Zin\u00e9dine Zidane, d&rsquo;origine alg\u00e9rienne, alors que sur Twitter, l&rsquo;Unesco r\u00e9agissait \u00e9galement en annon\u00e7ant la disparition de l&rsquo;artiste.<\/p>\n<p>Saluant la m\u00e9moire du chanteur, l&rsquo;ancien pr\u00e9sident fran\u00e7ais Fran\u00e7ois Hollande, rel\u00e8ve que \u00ab\u00a0Idir a envo\u00fbt\u00e9 des g\u00e9n\u00e9rations enti\u00e8res au rythme de ses m\u00e9lodies douces, g\u00e9n\u00e9reuses et \u00e9mouvantes\u00a0\u00bb, suivi de la maire de Paris, Anne Hidalgo qui souligne l'\u00a0\u00bbengagement humaniste\u00a0\u00bb de l&rsquo;artiste alg\u00e9rien.<\/p>\n<p>Dans un Tweet, le fran\u00e7ais Patrick Bruel, qui avait chant\u00e9 en duo avec Idir, a salu\u00e9 une \u00ab\u00a0grande voix\u00a0\u00bb et le pr\u00e9sident de l&rsquo;association fran\u00e7aise \u00ab\u00a0SOS Racisme\u00a0\u00bb, Dominique Sopo a exprim\u00e9, de son c\u00f4t\u00e9, sa tristesse d&rsquo;apprendre le d\u00e9c\u00e8s de ce \u00ab\u00a0monument de la chanson (&#8230;) homme de culture et de dialogue\u00a0\u00bb que fut Idir.<\/p>\n<p>Najat Vallaud Belkacem \u00e9crit: \u00ab\u00a0saches que tu viens de chacune de nos maisons et qu&rsquo;en chacune tu laisses des inconsolables\u00a0\u00bb, s&rsquo;est \u00e9mue \u00e0 son tour l&rsquo;ancienne ministre fran\u00e7aise\u00a0 dans une r\u00e9action sur les r\u00e9seaux sociaux.<\/p>\n<p>Sit\u00f4t la nouvelle du d\u00e9c\u00e8s de Idir annonc\u00e9e, le Pr\u00e9sident de la R\u00e9publique, M. Abdelmadjid Tebboune avait adress\u00e9 dans la nuit de samedi \u00e0 dimanche un message de condol\u00e9ances \u00e0 la famille de l&rsquo;artiste qu&rsquo;il qualifie \u00ab\u00a0d&rsquo;ic\u00f4ne de l\u2019art alg\u00e9rien, \u00e0 la renomm\u00e9e internationale\u00a0\u00bb. \u00a0\u00bb L&rsquo;Alg\u00e9rie perd en lui une pyramide de l&rsquo;art alg\u00e9rien \u00ab\u00a0, a encore soulign\u00e9 le pr\u00e9sident Tebboune.<\/p>\n<p>Le pr\u00e9sident du conseil de la Nation par int\u00e9rim et la ministre de la Culture Malika Bendouda avaient \u00e9galement adress\u00e9 des messages de condol\u00e9ances \u00e0 la famille de l&rsquo;artiste.<\/p>\n<p>Comptant \u00e0 son actif une dizaine d&rsquo;albums, le chanteur d&rsquo;expression kabyle a \u00e9t\u00e9 tr\u00e8s vite propuls\u00e9 sous les projecteurs de la c\u00e9l\u00e9brit\u00e9 dans les ann\u00e9es 1970 avec \u00ab\u00a0A Vava Inouva\u00a0\u00bb, un tube plan\u00e9taire, diffus\u00e9 dans pas moins de 77 pays et traduit dans une vingtaine de langues.<\/p>\n<p>En pr\u00e8s de 50 ans de carri\u00e8re, Idir aura r\u00e9ussi le pari d&rsquo;un parcours artistique r\u00e9gulier, au service du patrimoine culturel alg\u00e9rien, faisant vivre une fois de plus sa langue maternelle dans son dernier opus \u00ab\u00a0Ici et Ailleurs\u00a0\u00bb, r\u00e9alis\u00e9 avec de grands noms de la chanson fran\u00e7aise.<\/p>\n<p>En 2018 le chanteur a retrouv\u00e9 son public apr\u00e8s une absence de pr\u00e8s de 40 ans \u00e0 la faveur de deux grands concerts anim\u00e9s \u00e0 Alger avec une trentaine de musiciens sur sc\u00e8ne et devant un public de plus de 5000 spectateurs \u00e0 chacune des repr\u00e9sentations.<\/p>\n<\/div>\n<p>Auteur:<br \/>\n<a href=\"http:\/\/www.aps.dz\/culture\/104678-deces-d-idir-reactions-d-artistes-de-sportifs-et-d-hommes-politiques-de-l-etranger\">Cliquez ici pour lire l&rsquo;article depuis sa source.<\/a><\/p>\n","protected":false},"excerpt":{"rendered":"<p>ALGER &#8211; La disparition samedi de l&rsquo;ic\u00f4ne de la chanson kabyle Idir n&rsquo;a pas manqu\u00e9 d&rsquo;\u00e9mouvoir des personnalit\u00e9s internationales du monde des arts et de la culture mais aussi certaines figures politiques et des sportifs de renom, dans la suite des r\u00e9actions en Alg\u00e9rie des officiels, d&rsquo;hommes de lettres et de citoyens. \u00ab\u00a0Tu as marqu\u00e9 [&hellip;]<\/p>\n","protected":false},"author":1790,"featured_media":0,"comment_status":"closed","ping_status":"closed","sticky":false,"template":"","format":"standard","meta":{"fifu_image_url":"","fifu_image_alt":"","footnotes":""},"categories":[53,79],"tags":[],"class_list":["post-84255","post","type-post","status-publish","format-standard","hentry","category-algerie","category-culture"],"_links":{"self":[{"href":"https:\/\/linitiative.ca\/International\/wp-json\/wp\/v2\/posts\/84255","targetHints":{"allow":["GET"]}}],"collection":[{"href":"https:\/\/linitiative.ca\/International\/wp-json\/wp\/v2\/posts"}],"about":[{"href":"https:\/\/linitiative.ca\/International\/wp-json\/wp\/v2\/types\/post"}],"author":[{"embeddable":true,"href":"https:\/\/linitiative.ca\/International\/wp-json\/wp\/v2\/users\/1790"}],"replies":[{"embeddable":true,"href":"https:\/\/linitiative.ca\/International\/wp-json\/wp\/v2\/comments?post=84255"}],"version-history":[{"count":0,"href":"https:\/\/linitiative.ca\/International\/wp-json\/wp\/v2\/posts\/84255\/revisions"}],"wp:attachment":[{"href":"https:\/\/linitiative.ca\/International\/wp-json\/wp\/v2\/media?parent=84255"}],"wp:term":[{"taxonomy":"category","embeddable":true,"href":"https:\/\/linitiative.ca\/International\/wp-json\/wp\/v2\/categories?post=84255"},{"taxonomy":"post_tag","embeddable":true,"href":"https:\/\/linitiative.ca\/International\/wp-json\/wp\/v2\/tags?post=84255"}],"curies":[{"name":"wp","href":"https:\/\/api.w.org\/{rel}","templated":true}]}}