{"id":84256,"date":"2020-05-04T13:03:32","date_gmt":"2020-05-04T17:03:32","guid":{"rendered":"https:\/\/linitiative.ca\/International\/deces-idir-les-artistes-pleurent-la-perte-dun-exemple\/"},"modified":"2020-05-04T13:03:32","modified_gmt":"2020-05-04T17:03:32","slug":"deces-idir-les-artistes-pleurent-la-perte-dun-exemple","status":"publish","type":"post","link":"https:\/\/linitiative.ca\/International\/deces-idir-les-artistes-pleurent-la-perte-dun-exemple\/","title":{"rendered":"D\u00e9c\u00e8s Idir: les artistes pleurent la perte d&rsquo;un exemple"},"content":{"rendered":"<div readability=\"32.344370860927\">\n<p><strong>ALGER &#8211; Au lendemain du d\u00e9c\u00e8s du <em><a href=\"http:\/\/www.aps.dz\/culture\/104641-idir-une-longue-carriere-au-service-du-patrimoine-musical\" target=\"_blank\" rel=\"noopener noreferrer\">chanteur Idir<\/a><\/em>, de nombreux <em><a href=\"http:\/\/www.aps.dz\/culture\/104677-deces-de-idir-disparition-d-une-icone-de-l-art-algerien\" target=\"_blank\" rel=\"noopener noreferrer\">messages de condol\u00e9ances<\/a><\/em> affluent sans discontinuer de la part des artistes qui saluent la m\u00e9moire et le parcours d&rsquo;un chanteur disparu \u00e0 l&rsquo;\u00e2ge de 71 ans, apr\u00e8s avoir vou\u00e9 toute sa vie \u00e0 la culture et au combat identitaire par l&rsquo;art.<\/strong><\/p>\n<\/div>\n<div readability=\"95.821008403361\">\n<p>Pour Lounis Ait Menguellet, le d\u00e9part d\u2019Idir marque la fin d\u2019une \u00e9poque pour \u00ab\u00a0notre chanson\u00a0\u00bb. A sa derni\u00e8re visite, se rappelle le po\u00e8te, Idir disait qu\u2019il \u00e9tait peu probable de monter encore sur sc\u00e8ne (&#8230;)\u00a0\u00bb.<\/p>\n<p>Takfarinas, vedette de la chanson moderne, s\u2019est dit attrist\u00e9 et boulevers\u00e9 par le d\u00e9c\u00e8s d\u2019Idir (qui) \u00ab\u00a0a ouvert, par son premier album des portes, ferm\u00e9es des si\u00e8cles avant\u00a0\u00bb.<\/p>\n<p>Boudjemaa Agraw, membre du d\u00e9funt groupe musical Agraw (R\u00e9volution) dont faisait partie Takfarinas, a soulign\u00e9 que \u00ab\u00a0la chanson kabyle a perdu en la personne d&rsquo;Idir un de ses ambassadeurs\u00a0\u00bb. Avis partag\u00e9 par Malika Domrane, vedette du folklore kabyle, qui regrette la perte d&rsquo;un \u00ab\u00a0ambassadeur de la chanson moderne.<\/p>\n<p>Zedek Mouloud, chanteur et compositeur, estime que la musique kabyle a perdu un de ses monuments avec la disparition d\u2019Idir, d\u00e9crit comme \u00ab\u00a0un po\u00e8te, homme de paix et une voix qui force le respect\u00a0\u00bb.<\/p>\n<p>Brahim Tayeb, chanteur moderne d&rsquo;expression kabyle, estime qu&rsquo;avec le d\u00e9c\u00e8s d&rsquo;Idir, le monde artistique vient de perdre une de ses ic\u00f4nes d&rsquo;expression kabyle. C&rsquo;est un artiste qui a fait le bonheur de toute l&rsquo;Alg\u00e9rie (&#8230;) mais son \u0153uvre restera pour toujours et ravivera son souvenir\u00a0\u00bb, r\u00e9agit avec \u00e9motion l&rsquo;artiste.<\/p>\n<hr\/>\n<h3>Lire aussi:\u00a0<a href=\"http:\/\/www.aps.dz\/culture\/104678-deces-d-idir-reactions-d-artistes-de-sportifs-et-d-hommes-politiques-de-l-etranger\" target=\"_blank\" rel=\"noopener noreferrer\">D\u00e9c\u00e8s d&rsquo;Idir: r\u00e9actions d&rsquo;artistes, de sportifs et d&rsquo;hommes politiques de l&rsquo;\u00e9tranger<\/a><\/h3>\n<hr\/>\n<p>Karim Abranis, a pour sa part, r\u00e9agi \u00e0 la triste nouvelle du d\u00e9c\u00e8s d&rsquo;Idir dans un message de condol\u00e9ances publi\u00e9 sur Facebook.<\/p>\n<p>Amel Zen, chanteuse de pop, pleure la mort d&rsquo;un chanteur dont les m\u00e9lodies \u00ab\u00a0ont berc\u00e9 nos vies et accompagn\u00e9 nos c\u00e9r\u00e9monies\u00a0\u00bb et rappelle l\u2019importance de pr\u00e9server notre identifie.<\/p>\n<blockquote readability=\"8\">\n<p><em><strong>Consid\u00e9r\u00e9 comme un des ambassadeurs de la musique kabyle moderne \u00e0 travers le monde, Idir, de son vrai nom Hamid Cheriet s&rsquo;est produit sur de nombreuses sc\u00e8nes internationales.<\/strong><\/em><\/p>\n<\/blockquote>\n<p>Natif d\u2019Ait Lahcene, un village d\u2019Ath Yenni (Tizi Ouzou), Idir s\u2019est associ\u00e9 dans son dernier album \u00ab\u00a0Ici et ailleurs\u00a0\u00bb, sorti en 2017, \u00e0 des chanteurs fran\u00e7ais de renom comme Charles Aznavour, Francis Cabrel ou encore Bernard Lavilliers.<\/p>\n<p>L&rsquo;interpr\u00e8te de l\u2019\u00e9ternelle \u00ab\u00a0Avava i nouva\u00a0\u00bb, tube plan\u00e9taire interpr\u00e9t\u00e9 en 20 langues \u00e9trang\u00e8res, a renou\u00e9 en 2018 avec son public lors d\u2019un concert \u00e0 Alger \u00e0 l&rsquo;occasion de Yennayer, nouvel an amazigh c\u00e9l\u00e9br\u00e9 le 12 janvier, apr\u00e8s une absence de pr\u00e8s de 40 ans.<\/p>\n<\/div>\n<p>Auteur:<br \/>\n<a href=\"http:\/\/www.aps.dz\/culture\/104679-deces-idir-les-artistes-pleurent-la-perte-d-un-exemple\">Cliquez ici pour lire l&rsquo;article depuis sa source.<\/a><\/p>\n","protected":false},"excerpt":{"rendered":"<p>ALGER &#8211; Au lendemain du d\u00e9c\u00e8s du chanteur Idir, de nombreux messages de condol\u00e9ances affluent sans discontinuer de la part des artistes qui saluent la m\u00e9moire et le parcours d&rsquo;un chanteur disparu \u00e0 l&rsquo;\u00e2ge de 71 ans, apr\u00e8s avoir vou\u00e9 toute sa vie \u00e0 la culture et au combat identitaire par l&rsquo;art. Pour Lounis Ait [&hellip;]<\/p>\n","protected":false},"author":1790,"featured_media":0,"comment_status":"closed","ping_status":"closed","sticky":false,"template":"","format":"standard","meta":{"fifu_image_url":"","fifu_image_alt":"","footnotes":""},"categories":[53,79],"tags":[],"class_list":["post-84256","post","type-post","status-publish","format-standard","hentry","category-algerie","category-culture"],"_links":{"self":[{"href":"https:\/\/linitiative.ca\/International\/wp-json\/wp\/v2\/posts\/84256","targetHints":{"allow":["GET"]}}],"collection":[{"href":"https:\/\/linitiative.ca\/International\/wp-json\/wp\/v2\/posts"}],"about":[{"href":"https:\/\/linitiative.ca\/International\/wp-json\/wp\/v2\/types\/post"}],"author":[{"embeddable":true,"href":"https:\/\/linitiative.ca\/International\/wp-json\/wp\/v2\/users\/1790"}],"replies":[{"embeddable":true,"href":"https:\/\/linitiative.ca\/International\/wp-json\/wp\/v2\/comments?post=84256"}],"version-history":[{"count":0,"href":"https:\/\/linitiative.ca\/International\/wp-json\/wp\/v2\/posts\/84256\/revisions"}],"wp:attachment":[{"href":"https:\/\/linitiative.ca\/International\/wp-json\/wp\/v2\/media?parent=84256"}],"wp:term":[{"taxonomy":"category","embeddable":true,"href":"https:\/\/linitiative.ca\/International\/wp-json\/wp\/v2\/categories?post=84256"},{"taxonomy":"post_tag","embeddable":true,"href":"https:\/\/linitiative.ca\/International\/wp-json\/wp\/v2\/tags?post=84256"}],"curies":[{"name":"wp","href":"https:\/\/api.w.org\/{rel}","templated":true}]}}