{"id":84261,"date":"2020-05-04T10:00:00","date_gmt":"2020-05-04T14:00:00","guid":{"rendered":"https:\/\/linitiative.ca\/International\/abdelkader-lamoudi-tire-sa-reverence-a-lage-de-95-ans\/"},"modified":"2020-05-04T10:00:00","modified_gmt":"2020-05-04T14:00:00","slug":"abdelkader-lamoudi-tire-sa-reverence-a-lage-de-95-ans","status":"publish","type":"post","link":"https:\/\/linitiative.ca\/International\/abdelkader-lamoudi-tire-sa-reverence-a-lage-de-95-ans\/","title":{"rendered":"Abdelkader Lamoudi tire sa r\u00e9v\u00e9rence \u00e0 l\u2019\u00e2ge de 95 ans"},"content":{"rendered":"<div id=\"originalText\" readability=\"47\">\n<p>Le moudjahid et grand r\u00e9volutionnaire Abdelkader Lamoudi est d\u00e9c\u00e9d\u00e9, ce lundi, \u00e0 l\u2019\u00e2ge de 95 ans, avons-nous appris de sources concordantes.<\/p>\n<p>Avec Athmane Belouizdad, il \u00e9tait un des deux derniers du groupe des 22, \u00e0 l\u2019origine du d\u00e9clenchement de la guerre de lib\u00e9ration nationale.<\/p>\n<p>N\u00e9 en 1925 \u00e0 El-Oued, Abdelkader Lamoudi a fr\u00e9quent\u00e9 le coll\u00e8ge de Biskra aux c\u00f4t\u00e9s du martyr Larbi Ben M\u2019hidi, avant de rejoindre le PPA et ensuite l\u2019Organisation secr\u00e8te (l\u2019OS) o\u00f9 il a pris des responsabilit\u00e9s importantes.<\/p>\n<p class=\"c6\"><strong>R\u00e9daction Web<\/strong><\/p>\n<\/div>\n<div id=\"text_core\" readability=\"47\">\n<p>Le moudjahid et grand r\u00e9volutionnaire Abdelkader Lamoudi est d\u00e9c\u00e9d\u00e9, ce lundi, \u00e0 l\u2019\u00e2ge de 95 ans, avons-nous appris de sources concordantes.<\/p>\n<p>Avec Athmane Belouizdad, il \u00e9tait un des deux derniers du groupe des 22, \u00e0 l\u2019origine du d\u00e9clenchement de la guerre de lib\u00e9ration nationale.<\/p>\n<p>N\u00e9 en 1925 \u00e0 El-Oued, Abdelkader Lamoudi a fr\u00e9quent\u00e9 le coll\u00e8ge de Biskra aux c\u00f4t\u00e9s du martyr Larbi Ben M\u2019hidi, avant de rejoindre le PPA et ensuite l\u2019Organisation secr\u00e8te (l\u2019OS) o\u00f9 il a pris des responsabilit\u00e9s importantes.<\/p>\n<p class=\"c6\"><strong>R\u00e9daction Web<\/strong><\/p>\n<\/div>\n<p>Auteur:<br \/>\n<a href=\"https:\/\/www.liberte-algerie.com\/actualite\/abdelkader-lamoudi-tire-sa-reverence-a-lage-de-95-ans-338251\">Cliquez ici pour lire l&rsquo;article depuis sa source.<\/a><\/p>\n","protected":false},"excerpt":{"rendered":"<p>Le moudjahid et grand r\u00e9volutionnaire Abdelkader Lamoudi est d\u00e9c\u00e9d\u00e9, ce lundi, \u00e0 l\u2019\u00e2ge de 95 ans, avons-nous appris de sources concordantes. Avec Athmane Belouizdad, il \u00e9tait un des deux derniers du groupe des 22, \u00e0 l\u2019origine du d\u00e9clenchement de la guerre de lib\u00e9ration nationale. N\u00e9 en 1925 \u00e0 El-Oued, Abdelkader Lamoudi a fr\u00e9quent\u00e9 le coll\u00e8ge [&hellip;]<\/p>\n","protected":false},"author":1742,"featured_media":0,"comment_status":"closed","ping_status":"closed","sticky":false,"template":"","format":"standard","meta":{"fifu_image_url":"","fifu_image_alt":"","footnotes":""},"categories":[73,53],"tags":[],"class_list":["post-84261","post","type-post","status-publish","format-standard","hentry","category-actualite","category-algerie"],"_links":{"self":[{"href":"https:\/\/linitiative.ca\/International\/wp-json\/wp\/v2\/posts\/84261","targetHints":{"allow":["GET"]}}],"collection":[{"href":"https:\/\/linitiative.ca\/International\/wp-json\/wp\/v2\/posts"}],"about":[{"href":"https:\/\/linitiative.ca\/International\/wp-json\/wp\/v2\/types\/post"}],"author":[{"embeddable":true,"href":"https:\/\/linitiative.ca\/International\/wp-json\/wp\/v2\/users\/1742"}],"replies":[{"embeddable":true,"href":"https:\/\/linitiative.ca\/International\/wp-json\/wp\/v2\/comments?post=84261"}],"version-history":[{"count":0,"href":"https:\/\/linitiative.ca\/International\/wp-json\/wp\/v2\/posts\/84261\/revisions"}],"wp:attachment":[{"href":"https:\/\/linitiative.ca\/International\/wp-json\/wp\/v2\/media?parent=84261"}],"wp:term":[{"taxonomy":"category","embeddable":true,"href":"https:\/\/linitiative.ca\/International\/wp-json\/wp\/v2\/categories?post=84261"},{"taxonomy":"post_tag","embeddable":true,"href":"https:\/\/linitiative.ca\/International\/wp-json\/wp\/v2\/tags?post=84261"}],"curies":[{"name":"wp","href":"https:\/\/api.w.org\/{rel}","templated":true}]}}