{"id":84264,"date":"2020-05-03T22:06:04","date_gmt":"2020-05-04T02:06:04","guid":{"rendered":"https:\/\/linitiative.ca\/International\/remission-de-lunique-cas-atteint-du-coronavirus\/"},"modified":"2020-05-03T22:06:04","modified_gmt":"2020-05-04T02:06:04","slug":"remission-de-lunique-cas-atteint-du-coronavirus","status":"publish","type":"post","link":"https:\/\/linitiative.ca\/International\/remission-de-lunique-cas-atteint-du-coronavirus\/","title":{"rendered":"R\u00e9mission de l\u2019unique cas atteint du coronavirus"},"content":{"rendered":"<div readability=\"37\">\n<p>L\u2019unique cas contamin\u00e9 au nouveau coronavirus (Covid-19) au niveau de la province de Safi a quitt\u00e9, dimanche soir, l\u2019h\u00f4pital Mohammed V de la cit\u00e9 de l\u2019Oc\u00e9an, apr\u00e8s son r\u00e9tablissement d\u00e9finitif.<\/p>\n<\/div>\n<div readability=\"89\">\n<p>Il s\u2019agit d\u2019une femme \u00e2g\u00e9e de 26 ans compl\u00e8tement gu\u00e9rie apr\u00e8s que les tests m\u00e9dicaux et cliniques effectu\u00e9s se sont r\u00e9v\u00e9l\u00e9s n\u00e9gatifs.<\/p>\n<p>Dans une d\u00e9claration \u00e0 la MAP, le d\u00e9l\u00e9gu\u00e9 provincial de la sant\u00e9 \u00e0 Safi, Dr. Abdelhakim Moustaid, a indiqu\u00e9 que la dur\u00e9e d\u2019hospitalisation de cette patiente a \u00e9t\u00e9 de 12 jours mais devra passer encore 14 jours suppl\u00e9mentaires de convalescence et de confinement dans un h\u00f4tel de la cit\u00e9 de l\u2019Oc\u00e9an et ce, conform\u00e9ment au protocole de soins adopt\u00e9 par le minist\u00e8re de la sant\u00e9.<\/p>\n<p>Cette patiente ne souffrait d\u2019aucune complication ou de maladie chronique, a-t-il ajout\u00e9, relevant que cette personne pr\u00e9sentait, au d\u00e9but, des sympt\u00f4mes peu inqui\u00e9tants, tels que la toux et la congestion nasale, mais ces sympt\u00f4mes ont commenc\u00e9 \u00e0 disparaitre \u00e0 partir du quatri\u00e8me jour de traitement.<\/p>\n<p>Par ailleurs, il a indiqu\u00e9 que les 16 personnes-contacts de cette patiente ont termin\u00e9 la p\u00e9riode de confinement sanitaire et de surveillance m\u00e9dicale et peuvent regagner leur foyer familial aujourd\u2019hui.<\/p>\n<p>Sur un autre registre, le d\u00e9l\u00e9gu\u00e9 tient \u00e0 indiquer que la situation \u00e9pid\u00e9miologique au niveau de la province demeure \u00ab\u00a0rassurante\u00a0\u00bb.<\/p>\n<p>S\u2019agissant des mesures proactives prises au niveau provincial, M. Moustaid a indiqu\u00e9 que la d\u00e9l\u00e9gation de la sant\u00e9 proc\u00e8de au d\u00e9pistage et aux analyses m\u00e9dicales au sein des unit\u00e9s industrielles et des grandes surfaces de la ville, \u00e0 une cadence soutenue de 3 unit\u00e9s par jour.<\/p>\n<p>Par ailleurs, il n\u2019a pas manqu\u00e9 d\u2019appeler les citoyens \u00e0 respecter scrupuleusement les consignes relatives \u00e0 l\u2019\u00e9tat d\u2019urgence sanitaire, \u00e0 ne pas sortir sauf en cas de n\u00e9cessit\u00e9 extr\u00eame et \u00e0 veiller au port obligatoire des masques de protection, en tant que seules mesures pr\u00e9ventives pour endiguer la propagation de ce virus.<\/p>\n<p>Pour rappel, le nombre de cas \u00e9cart\u00e9s apr\u00e8s les r\u00e9sultats n\u00e9gatifs des analyses effectu\u00e9es au laboratoire s\u2019\u00e9l\u00e8ve, dimanche \u00e0 20H00, \u00e0 223 au niveau de la province de Safi, selon les donn\u00e9es de la Direction Provinciale de la Sant\u00e9 (DPS) relatives \u00e0 la situation \u00e9pid\u00e9miologique li\u00e9e au Covid-19.<\/p>\n<p>La m\u00eame source pr\u00e9cise que sur les 1.422 personnes-contacts, seules 423 sont toujours plac\u00e9es sous surveillance m\u00e9dicale.<\/p>\n<\/div>\n<p>Auteur: Meriem IGASS<br \/>\n<a href=\"http:\/\/www.mapmarrakech.ma\/fr\/remission-de-lunique-cas-atteint-du-coronavirus\/\">Cliquez ici pour lire l&rsquo;article depuis sa source.<\/a><\/p>\n","protected":false},"excerpt":{"rendered":"<p>L\u2019unique cas contamin\u00e9 au nouveau coronavirus (Covid-19) au niveau de la province de Safi a quitt\u00e9, dimanche soir, l\u2019h\u00f4pital Mohammed V de la cit\u00e9 de l\u2019Oc\u00e9an, apr\u00e8s son r\u00e9tablissement d\u00e9finitif. Il s\u2019agit d\u2019une femme \u00e2g\u00e9e de 26 ans compl\u00e8tement gu\u00e9rie apr\u00e8s que les tests m\u00e9dicaux et cliniques effectu\u00e9s se sont r\u00e9v\u00e9l\u00e9s n\u00e9gatifs. Dans une d\u00e9claration [&hellip;]<\/p>\n","protected":false},"author":1788,"featured_media":0,"comment_status":"closed","ping_status":"closed","sticky":false,"template":"","format":"standard","meta":{"fifu_image_url":"","fifu_image_alt":"","footnotes":""},"categories":[54,76],"tags":[],"class_list":["post-84264","post","type-post","status-publish","format-standard","hentry","category-maroc","category-regions"],"_links":{"self":[{"href":"https:\/\/linitiative.ca\/International\/wp-json\/wp\/v2\/posts\/84264","targetHints":{"allow":["GET"]}}],"collection":[{"href":"https:\/\/linitiative.ca\/International\/wp-json\/wp\/v2\/posts"}],"about":[{"href":"https:\/\/linitiative.ca\/International\/wp-json\/wp\/v2\/types\/post"}],"author":[{"embeddable":true,"href":"https:\/\/linitiative.ca\/International\/wp-json\/wp\/v2\/users\/1788"}],"replies":[{"embeddable":true,"href":"https:\/\/linitiative.ca\/International\/wp-json\/wp\/v2\/comments?post=84264"}],"version-history":[{"count":0,"href":"https:\/\/linitiative.ca\/International\/wp-json\/wp\/v2\/posts\/84264\/revisions"}],"wp:attachment":[{"href":"https:\/\/linitiative.ca\/International\/wp-json\/wp\/v2\/media?parent=84264"}],"wp:term":[{"taxonomy":"category","embeddable":true,"href":"https:\/\/linitiative.ca\/International\/wp-json\/wp\/v2\/categories?post=84264"},{"taxonomy":"post_tag","embeddable":true,"href":"https:\/\/linitiative.ca\/International\/wp-json\/wp\/v2\/tags?post=84264"}],"curies":[{"name":"wp","href":"https:\/\/api.w.org\/{rel}","templated":true}]}}