{"id":84268,"date":"2020-05-04T10:09:28","date_gmt":"2020-05-04T14:09:28","guid":{"rendered":"https:\/\/linitiative.ca\/International\/covid-19-deux-nouvelles-remissions-18-au-total\/"},"modified":"2020-05-04T10:09:28","modified_gmt":"2020-05-04T14:09:28","slug":"covid-19-deux-nouvelles-remissions-18-au-total","status":"publish","type":"post","link":"https:\/\/linitiative.ca\/International\/covid-19-deux-nouvelles-remissions-18-au-total\/","title":{"rendered":"Covid-19: Deux nouvelles r\u00e9missions, 18 au total"},"content":{"rendered":"<div class=\"single-featured\"><img alt=\"\" data-src=\"http:\/\/www.mapmarrakech.ma\/map\/uploads\/2020\/05\/r&#xE9;missions-copier-1.jpg\"\/><\/div>\n<div class=\"single-post-excerpt post-excerpt-bc\" readability=\"35\">\n<p>Chichaoua \u2013 Deux nouveaux patients d\u00e9finitivement gu\u00e9ris du nouveau coronavirus (Covid-19) ont quitt\u00e9, lundi, l\u2019h\u00f4pital provincial Mohammed VI de Chichaoua.<\/p>\n<\/div>\n<div class=\"entry-content clearfix single-post-content\" readability=\"69\">\n<p>Il s\u2019agit d\u2019un homme et d\u2019une femme, \u00e2g\u00e9s respectivement de 42 et de 33 ans, d\u00e9clar\u00e9s compl\u00e8tement gu\u00e9ris apr\u00e8s que les tests m\u00e9dicaux et cliniques se sont r\u00e9v\u00e9l\u00e9s n\u00e9gatifs.<\/p>\n<p>Ces deux nouvelles r\u00e9missions portent \u00e0 18 le nombre total des patients gu\u00e9ris du Covid-19 au niveau de la province de Chichaoua.<\/p>\n<p>Selon la D\u00e9l\u00e9gation provinciale de la sant\u00e9, les deux cas totalement r\u00e9tablis ont pass\u00e9 entre 10 et 18 jours d\u2019hospitalisation au pavillon du Covid-19 au sein de l\u2019h\u00f4pital provincial.<\/p>\n<p>L\u2019\u00e9tat de sant\u00e9 des deux patients \u00e9tait \u00ab\u00a0stable\u00a0\u00bb durant toute la p\u00e9riode d\u2019hospitalisation, a soulign\u00e9 la m\u00eame source, notant qu\u2019ils ne souffraient d\u2019aucune complication ou maladie chronique et qu\u2019ils ont bien r\u00e9agi au protocole sanitaire adopt\u00e9 par le minist\u00e8re de la sant\u00e9.<\/p>\n<p>La D\u00e9l\u00e9gation provinciale a fait savoir que les 2 cas gu\u00e9ris seront plac\u00e9s en isolement sanitaire pendant 14 jours dans l\u2019une des r\u00e9sidences d\u00e9di\u00e9es \u00e0 la convalescence dans la ville, conform\u00e9ment au protocole sanitaire en vigueur.<\/p>\n<p>Elle a relev\u00e9 que la hausse des cas de r\u00e9mission est attribuable aux efforts constants des staffs m\u00e9dical, infirmier et administratif de l\u2019\u00e9tablissement hospitalier ainsi qu\u2019\u00e0 la contribution \u00ab\u00a0pr\u00e9cieuse\u00a0\u00bb de la pr\u00e9fecture de la province \u00e0 travers le suivi quotidien des cas.<\/p>\n<p>Ladite d\u00e9l\u00e9gation a, en outre, appel\u00e9 la population locale au respect strict des mesures de confinement sanitaire, notamment la distanciation sociale, le port obligatoire des masques de protection et la restriction des d\u00e9placements sauf dans les cas de n\u00e9cessit\u00e9 extr\u00eame, en vue d\u2019enrayer la propagation de la pand\u00e9mie.<\/p>\n<\/div>\n<p>Auteur: Meriem IGASS<br \/>\n<a href=\"http:\/\/www.mapmarrakech.ma\/fr\/covid-19-deux-nouvelles-remissions-18-au-total\/\">Cliquez ici pour lire l&rsquo;article depuis sa source.<\/a><\/p>\n","protected":false},"excerpt":{"rendered":"<p>Chichaoua \u2013 Deux nouveaux patients d\u00e9finitivement gu\u00e9ris du nouveau coronavirus (Covid-19) ont quitt\u00e9, lundi, l\u2019h\u00f4pital provincial Mohammed VI de Chichaoua. Il s\u2019agit d\u2019un homme et d\u2019une femme, \u00e2g\u00e9s respectivement de 42 et de 33 ans, d\u00e9clar\u00e9s compl\u00e8tement gu\u00e9ris apr\u00e8s que les tests m\u00e9dicaux et cliniques se sont r\u00e9v\u00e9l\u00e9s n\u00e9gatifs. Ces deux nouvelles r\u00e9missions portent \u00e0 [&hellip;]<\/p>\n","protected":false},"author":1788,"featured_media":84269,"comment_status":"closed","ping_status":"closed","sticky":false,"template":"","format":"standard","meta":{"fifu_image_url":"","fifu_image_alt":"","footnotes":""},"categories":[54,76],"tags":[],"class_list":["post-84268","post","type-post","status-publish","format-standard","has-post-thumbnail","hentry","category-maroc","category-regions"],"_links":{"self":[{"href":"https:\/\/linitiative.ca\/International\/wp-json\/wp\/v2\/posts\/84268","targetHints":{"allow":["GET"]}}],"collection":[{"href":"https:\/\/linitiative.ca\/International\/wp-json\/wp\/v2\/posts"}],"about":[{"href":"https:\/\/linitiative.ca\/International\/wp-json\/wp\/v2\/types\/post"}],"author":[{"embeddable":true,"href":"https:\/\/linitiative.ca\/International\/wp-json\/wp\/v2\/users\/1788"}],"replies":[{"embeddable":true,"href":"https:\/\/linitiative.ca\/International\/wp-json\/wp\/v2\/comments?post=84268"}],"version-history":[{"count":0,"href":"https:\/\/linitiative.ca\/International\/wp-json\/wp\/v2\/posts\/84268\/revisions"}],"wp:featuredmedia":[{"embeddable":true,"href":"https:\/\/linitiative.ca\/International\/wp-json\/"}],"wp:attachment":[{"href":"https:\/\/linitiative.ca\/International\/wp-json\/wp\/v2\/media?parent=84268"}],"wp:term":[{"taxonomy":"category","embeddable":true,"href":"https:\/\/linitiative.ca\/International\/wp-json\/wp\/v2\/categories?post=84268"},{"taxonomy":"post_tag","embeddable":true,"href":"https:\/\/linitiative.ca\/International\/wp-json\/wp\/v2\/tags?post=84268"}],"curies":[{"name":"wp","href":"https:\/\/api.w.org\/{rel}","templated":true}]}}