{"id":84271,"date":"2020-05-04T07:24:02","date_gmt":"2020-05-04T11:24:02","guid":{"rendered":"https:\/\/linitiative.ca\/International\/tizi-ouzou-covid-19-a-tigzirt-laccalmie-se-conjugue-avec-la-prudence\/"},"modified":"2020-05-04T07:24:02","modified_gmt":"2020-05-04T11:24:02","slug":"tizi-ouzou-covid-19-a-tigzirt-laccalmie-se-conjugue-avec-la-prudence","status":"publish","type":"post","link":"https:\/\/linitiative.ca\/International\/tizi-ouzou-covid-19-a-tigzirt-laccalmie-se-conjugue-avec-la-prudence\/","title":{"rendered":"Tizi-Ouzou\/Covid-19: A Tigzirt, l&rsquo;accalmie se conjugue avec la prudence"},"content":{"rendered":"<div readability=\"39\">\n<p><strong>TIZI-OUZOU &#8211; La r\u00e9gion de Tigzirt, \u00e0 une quarantaine de kilom\u00e8tres au Nord de Tizi-Ouzou, la plus touch\u00e9e de la wilaya par la pand\u00e9mie de coronavirus Covid-19, avec 6 d\u00e9c\u00e8s et 23 cas positifs enregistr\u00e9s, garde encore des s\u00e9quelles et vit un \u00ab\u00a0calme pr\u00e9caire\u00a0\u00bb accompagn\u00e9 de \u00ab\u00a0la hantise d&rsquo;une nouvelle vague\u00a0\u00bb.<\/strong><\/p>\n<\/div>\n<div readability=\"172.68255250404\">\n<p>La coquette cit\u00e9 baln\u00e9aire qui d&rsquo;habitude, en pareille p\u00e9riode, grouille des pr\u00e9paratifs pour la saison estivale, contrastait, en cette fin de semaine, entre un soleil traquenard et une mer calme invitant \u00e0 la d\u00e9tente et des rues d\u00e9sertes par mesure de confinement pr\u00e9ventif contre la propagation du coronavirus.<\/p>\n<p>Au port de la ville, d&rsquo;habitude bien anim\u00e9, le mouvement est loin d&rsquo;\u00eatre celui des grands jours. Portail ferm\u00e9, commerces et espaces de d\u00e9tentes am\u00e9nag\u00e9s vides et les embarcations de p\u00eache clou\u00e9es aux bittes d&rsquo;amarrages.<\/p>\n<p class=\"c30\"><strong>Peur et d\u00e9termination en un combat douteux<\/strong><\/p>\n<p>\u00ab\u00a0Je suis devenu allergique \u00e0 tout mouvement que je per\u00e7ois dans la rue\u00a0\u00bb nous lance, du perron de l&rsquo;EPH Ighilahrizi o\u00f9 il nous attendait, Bebrour Ali, directeur de cette structure sanitaire qui a \u00e9t\u00e9 au coeur de la bataille men\u00e9e un mois durant contre cet ennemi invisible.<\/p>\n<p>Le responsable \u00e9voque difficilement l&rsquo;\u00e9tat de \u00ab\u00a0psychose\u00a0\u00bb v\u00e9cu durant pr\u00e8s d&rsquo;un mois. \u00ab\u00a0Nous avons pass\u00e9 des moments tr\u00e8s difficiles o\u00f9 notre seul univers \u00e9tait constitu\u00e9 de cette structure, de cas suspects, d&rsquo;analyses, de protocole \u00e0 la poursuite de cet ennemi fant\u00f4me\u00a0\u00bb raconte-il.<\/p>\n<p>A partir du 23 mars, ce fut \u00ab\u00a0la d\u00e9ferlante des cas positifs et tr\u00e8s vite nous avions atteint un pic d&rsquo;admissions avec une saturation disposant de 22 lits\u00a0\u00bb, relate M. Berbour.<\/p>\n<p>Pour y faire face, des am\u00e9nagements ont \u00e9t\u00e9 op\u00e9r\u00e9s au niveau de la structure en r\u00e9alisant des box d&rsquo;isolements au niveau de l&rsquo;une des deux grandes salles de l&rsquo;EPH et les bureaux ont \u00e9t\u00e9 d\u00e9localis\u00e9s dans des roulottes install\u00e9es dans la cour.<\/p>\n<hr\/>\n<h3>Lire aussi:\u00a0<a href=\"http:\/\/www.aps.dz\/regions\/104443-tizi-ouzou-coronavirus-les-villages-d-irdjen-mobilises-pour-le-confinement-et-la-solidarite\" target=\"_blank\" rel=\"noopener noreferrer\">Tizi-Ouzou\/Coronavirus : les villages d&rsquo;Irdjen mobilis\u00e9s pour le confinement et la solidarit\u00e9<\/a><\/h3>\n<hr\/>\n<p>Une atmosph\u00e8re qui avait \u00ab\u00a0g\u00e9n\u00e9r\u00e9 un certain stress m\u00eame chez le personnel dont la moyenne d&rsquo;\u00e2ge est de 25 ans et qui ont eu des moments d&rsquo;effondrement, qu&rsquo;il fallait g\u00e9rer en plus de la prise en charge de la situation m\u00e9dicale\u00a0\u00bb, t\u00e9moigne-t-il avec d\u00e9ploration.<\/p>\n<p>Cependant, \u00ab\u00a0malgr\u00e9 la peur et le stress, tout le monde \u00e9tait mobilis\u00e9 et a fait preuve de dynamisme, d&rsquo;engagement et de d\u00e9termination dans la bataille\u00a0\u00bb, soutien M. Berbour, affirmant avoir, au final, \u00ab\u00a0gagn\u00e9 une brave \u00e9quipe\u00a0\u00bb.<\/p>\n<blockquote readability=\"9\">\n<p><em><strong>Pour mener la bataille, \u00ab\u00a0une approche organisationnelle et un sch\u00e9ma de prise en charge adapt\u00e9s et \u00e9voluant en fonction du d\u00e9veloppement de la pand\u00e9mie ont \u00e9t\u00e9 mis en place en fonction de notre capacit\u00e9 d'\u00a0\u00bbaccueil et des effectifs disponibles\u00a0\u00bb, pr\u00e9cis\u00e9 le responsable.<\/strong><\/em><\/p>\n<\/blockquote>\n<p>Le plan, explique-t-il, \u00ab\u00a0consistait, d&rsquo;abord, \u00e0 scinder la structure en deux parties, l&rsquo;une exclusivement r\u00e9serv\u00e9e aux patients Covid-19 avec un personnel d\u00e9di\u00e9 et un acc\u00e8s filtr\u00e9 et r\u00e9glement\u00e9 pour \u00e9viter que malades et patients ne circulent dans tous les compartiments afin d&rsquo;\u00e9viter le contact entre les cas suspect\u00e9s et ceux confirm\u00e9, l&rsquo;autre maintenu pour assurer les prestations m\u00e9dicales pour le reste des pathologies\u00a0\u00bb.<\/p>\n<p>Ensuite, poursuit-il, \u00ab\u00a0en plus du respect rigoureux des mesures de protection impos\u00e9es \u00e0 tous, il a \u00e9t\u00e9 adopt\u00e9 le principe \u00ab\u00a0marche en avant\u00a0\u00bb selon un circuit de prise en charge permettant aux patients et aux soignants de ne point revenir sur leurs pas\u00a0\u00bb. Un dispositif dont l&rsquo;efficacit\u00e9, note-t-il, a permis de \u00ab\u00a0prendre en charge les malades et de n&rsquo;enregistrer aucune contamination parmi le personnel\u00a0\u00bb.<\/p>\n<p class=\"c30\"><strong>Difficile retour \u00e0 la vie \u00e0 Iflissen<\/strong><\/p>\n<p>Constitu\u00e9 de 38 villages accroch\u00e9es aux collines faisant face \u00e0 la m\u00e9diterran\u00e9e et peupl\u00e9 de plus de 15 000 \u00e2mes, la commune d&rsquo;Iflissen a v\u00e9cu \u00ab\u00a0un film hitchcockien depuis ce vendredi 13 mars, jour de l&rsquo;enterrement d&rsquo;un vieux immigr\u00e9 de la commune, soup\u00e7onn\u00e9 alors, d&rsquo;\u00eatre positif \u00a0\u00bb raconte le maire, Akli Tizguine.<\/p>\n<p>Et pour cause, 05 des 06 d\u00e9c\u00e8s enregistr\u00e9s dans la r\u00e9gion \u00e9taient originaires de la commune de m\u00eame qu&rsquo;une vingtaine sur les 23 cas positifs l&rsquo;\u00e9taient, dont 17 du m\u00eame village, Iqnach.<\/p>\n<p>\u00ab\u00a0Depuis ce 1er d\u00e9c\u00e8s enregistr\u00e9 au village Iqnach, l&rsquo;ensemble des villages de la commune se sont auto-confin\u00e9s et mis en place des cellules de veille pour g\u00e9rer cette situation afin de circonscrire le virus et parer \u00e0 toute nouvelle contamination\u00a0\u00bb, poursuit M. Tizguine, qui affirme avoir sign\u00e9 \u00ab\u00a0plus d&rsquo;une cinquantaine de d\u00e9crets de confinement\u00a0\u00bb durant cette p\u00e9riode.<\/p>\n<blockquote readability=\"12\">\n<p><em><strong>\u00ab\u00a0Les gens ont encore en t\u00eate la torpeur v\u00e9cue durant ce mois de confinement. Tout le monde avait peur et \u00e9tait en alerte et malgr\u00e9 cette relative accalmie, ils ne peuvent reprendre une vie normale de sit\u00f4t\u00a0\u00bb, t\u00e9moigne pour sa part, Kamel Imessaoud\u00e8ne, responsable d&rsquo;une association locale et membre de la cellule locale de solidarit\u00e9 Covid-19.<\/strong><\/em><\/p>\n<\/blockquote>\n<hr\/>\n<h3>Lire aussi:\u00a0<a href=\"http:\/\/www.aps.dz\/regions\/104416-tizi-ouzou-covid19-l-esprit-d-initiative-pour-faire-face-a-la-pandemie\" target=\"_blank\" rel=\"noopener noreferrer\">Tizi-Ouzou-Covid19: l&rsquo;esprit d&rsquo;initiative pour faire face \u00e0 la pand\u00e9mie<\/a><\/h3>\n<hr\/>\n<p>Comme musique de fond d\u00e9gageant une note d&rsquo;espoir lors de cette bataille, une valse en continu de solidarit\u00e9 interpr\u00e9t\u00e9e par l&rsquo;orchestre du mouvement associatif local. \u00ab\u00a0L&rsquo;\u00e9cart entre le nombre de suspects et les cas av\u00e9r\u00e9s positifs au nouveau coronavirus s&rsquo;est r\u00e9duit gr\u00e2ce au concours du mouvement associatif qui a sensibilis\u00e9 la population sur l&rsquo;imp\u00e9ratif du confinement\u00a0\u00bb, t\u00e9moigne \u00e0 leur \u00e9gard, M. Berbour.<\/p>\n<p>Depuis le 11 avril dernier, l&rsquo;EPH de la ville n&rsquo;a enregistr\u00e9 aucun cas positif, mais, cette accalmie n&rsquo;est qu'\u00a0\u00bbun calme pr\u00e9caire\u00a0\u00bb craint M. Berbour qui rel\u00e8ve un certain rel\u00e2chement quant au respect des mesures de confinement et de distanciation sociale. \u00ab\u00a0Il est vrai que les gens doivent continuer \u00e0 vivre, mais cela ne doit pas leur faire oublier qu&rsquo;ils doivent aussi continuer \u00e0 se conformer aux mesures pr\u00e9ventives et d&rsquo;hygi\u00e8ne\u00a0\u00bb, estime M. Imessaoud\u00e8ne.<\/p>\n<p>Le m\u00eame sentiment d&rsquo;inqui\u00e9tude est partag\u00e9 par le maire d&rsquo;Iflissen qui tout en se r\u00e9jouissant de cette accalmie, met en garde contre \u00ab\u00a0un quelconque rel\u00e2chement dans la vigilance qui pourra \u00eatre pr\u00e9judiciable \u00e0 plus d&rsquo;un titre\u00a0\u00bb.<\/p>\n<p>A la cellule de solidarit\u00e9, le ton est \u00e0 \u00ab\u00a0la remobilisation pour parer \u00e0 tout rel\u00e2chement et pour redynamiser l&rsquo;esprit de vigilance au sein de la population qui ne peut rester confin\u00e9e ind\u00e9finiment, mais, qui ne doit pas oublier que le risque est toujours l\u00e0\u00a0\u00bb, souligne le docteur Chaba Walid, l&rsquo;un des responsables de cette cellule.<\/p>\n<\/div>\n<p>Auteur:<br \/>\n<a href=\"http:\/\/www.aps.dz\/regions\/104689-tizi-ouzou-covid-19-a-tigzirt-l-accalmie-se-conjugue-avec-la-prudence\">Cliquez ici pour lire l&rsquo;article depuis sa source.<\/a><\/p>\n","protected":false},"excerpt":{"rendered":"<p>TIZI-OUZOU &#8211; La r\u00e9gion de Tigzirt, \u00e0 une quarantaine de kilom\u00e8tres au Nord de Tizi-Ouzou, la plus touch\u00e9e de la wilaya par la pand\u00e9mie de coronavirus Covid-19, avec 6 d\u00e9c\u00e8s et 23 cas positifs enregistr\u00e9s, garde encore des s\u00e9quelles et vit un \u00ab\u00a0calme pr\u00e9caire\u00a0\u00bb accompagn\u00e9 de \u00ab\u00a0la hantise d&rsquo;une nouvelle vague\u00a0\u00bb. La coquette cit\u00e9 baln\u00e9aire [&hellip;]<\/p>\n","protected":false},"author":1790,"featured_media":0,"comment_status":"closed","ping_status":"closed","sticky":false,"template":"","format":"standard","meta":{"fifu_image_url":"","fifu_image_alt":"","footnotes":""},"categories":[53,76],"tags":[],"class_list":["post-84271","post","type-post","status-publish","format-standard","hentry","category-algerie","category-regions"],"_links":{"self":[{"href":"https:\/\/linitiative.ca\/International\/wp-json\/wp\/v2\/posts\/84271","targetHints":{"allow":["GET"]}}],"collection":[{"href":"https:\/\/linitiative.ca\/International\/wp-json\/wp\/v2\/posts"}],"about":[{"href":"https:\/\/linitiative.ca\/International\/wp-json\/wp\/v2\/types\/post"}],"author":[{"embeddable":true,"href":"https:\/\/linitiative.ca\/International\/wp-json\/wp\/v2\/users\/1790"}],"replies":[{"embeddable":true,"href":"https:\/\/linitiative.ca\/International\/wp-json\/wp\/v2\/comments?post=84271"}],"version-history":[{"count":0,"href":"https:\/\/linitiative.ca\/International\/wp-json\/wp\/v2\/posts\/84271\/revisions"}],"wp:attachment":[{"href":"https:\/\/linitiative.ca\/International\/wp-json\/wp\/v2\/media?parent=84271"}],"wp:term":[{"taxonomy":"category","embeddable":true,"href":"https:\/\/linitiative.ca\/International\/wp-json\/wp\/v2\/categories?post=84271"},{"taxonomy":"post_tag","embeddable":true,"href":"https:\/\/linitiative.ca\/International\/wp-json\/wp\/v2\/tags?post=84271"}],"curies":[{"name":"wp","href":"https:\/\/api.w.org\/{rel}","templated":true}]}}