{"id":84275,"date":"2020-05-03T19:31:05","date_gmt":"2020-05-03T23:31:05","guid":{"rendered":"https:\/\/linitiative.ca\/International\/la-ville-de-berkane-poursuit-sa-mise-a-niveau-urbaine\/"},"modified":"2020-05-03T19:31:05","modified_gmt":"2020-05-03T23:31:05","slug":"la-ville-de-berkane-poursuit-sa-mise-a-niveau-urbaine","status":"publish","type":"post","link":"https:\/\/linitiative.ca\/International\/la-ville-de-berkane-poursuit-sa-mise-a-niveau-urbaine\/","title":{"rendered":"La ville de Berkane poursuit sa mise \u00e0 niveau urbaine"},"content":{"rendered":"<div class=\"single-featured\"><img alt=\"\" data-src=\"http:\/\/www.mapoujda.ma\/map\/uploads\/2020\/05\/La-ville-de-berkan-M750&#xD7;430-MAP.jpg\"\/><\/div>\n<div class=\"entry-content clearfix single-post-content\" readability=\"63\">\n<p class=\"c4\">La ville de Berkane conna\u00eet la r\u00e9alisation d\u2019un grand chantier de mise \u00e0 niveau urbaine visant \u00e0 am\u00e9liorer la circulation, moderniser le paysage urbain et am\u00e9liorer la qualit\u00e9 de vie.<\/p>\n<p class=\"c4\">Selon un communiqu\u00e9 de la Commune de Berkane, ce programme est mis en \u0153uvre conform\u00e9ment \u00e0 la convention de partenariat liant la commune, la Direction g\u00e9n\u00e9rale des collectivit\u00e9s locales, le d\u00e9partement de l\u2019Habitat et de la politique de la ville et le groupe Al Omrane, pour un montant de 500 millions de dirhams.<\/p>\n<p class=\"c4\">Le programme est men\u00e9 selon une approche transversale impliquant plusieurs secteurs, pour garantir une croissance urbaine harmonieuse de la ville de Berkane, est ce \u00e0 travers notamment l\u2019am\u00e9nagement de routes et l\u2019\u00e9largissement des voies principales, le r\u00e9am\u00e9nagement de certains quartiers sous-\u00e9quip\u00e9s, la cr\u00e9ation d\u2019espaces verts et le r\u00e9am\u00e9nagement des march\u00e9s non structur\u00e9s, pr\u00e9cise le communiqu\u00e9.<\/p>\n<p class=\"c4\">Parmi les projets phares de ce programme, figure l\u2019am\u00e9nagement de la place Al Andalous (Tahtaha), qui sera cr\u00e9\u00e9e sur l\u2019emplacement du march\u00e9 couvert, sachant qu\u2019une plateforme commerciale alternative a \u00e9t\u00e9 mise en place dans le cadre d\u2019un partenariat entre la commune de Berkane, la pr\u00e9fecture de la province de Berkane, le Conseil de la r\u00e9gion de l\u2019Oriental et le groupe Al Omrane.<\/p>\n<\/div>\n<p>Auteur: Soufiane ELAHMAR<br \/>\n<a href=\"http:\/\/www.mapoujda.ma\/fr\/la-ville-de-berkane-poursuit-sa-mise-a-niveau-urbaine\/\">Cliquez ici pour lire l&rsquo;article depuis sa source.<\/a><\/p>\n","protected":false},"excerpt":{"rendered":"<p>La ville de Berkane conna\u00eet la r\u00e9alisation d\u2019un grand chantier de mise \u00e0 niveau urbaine visant \u00e0 am\u00e9liorer la circulation, moderniser le paysage urbain et am\u00e9liorer la qualit\u00e9 de vie. Selon un communiqu\u00e9 de la Commune de Berkane, ce programme est mis en \u0153uvre conform\u00e9ment \u00e0 la convention de partenariat liant la commune, la Direction [&hellip;]<\/p>\n","protected":false},"author":1788,"featured_media":84276,"comment_status":"closed","ping_status":"closed","sticky":false,"template":"","format":"standard","meta":{"fifu_image_url":"","fifu_image_alt":"","footnotes":""},"categories":[54,76],"tags":[],"class_list":["post-84275","post","type-post","status-publish","format-standard","has-post-thumbnail","hentry","category-maroc","category-regions"],"_links":{"self":[{"href":"https:\/\/linitiative.ca\/International\/wp-json\/wp\/v2\/posts\/84275","targetHints":{"allow":["GET"]}}],"collection":[{"href":"https:\/\/linitiative.ca\/International\/wp-json\/wp\/v2\/posts"}],"about":[{"href":"https:\/\/linitiative.ca\/International\/wp-json\/wp\/v2\/types\/post"}],"author":[{"embeddable":true,"href":"https:\/\/linitiative.ca\/International\/wp-json\/wp\/v2\/users\/1788"}],"replies":[{"embeddable":true,"href":"https:\/\/linitiative.ca\/International\/wp-json\/wp\/v2\/comments?post=84275"}],"version-history":[{"count":0,"href":"https:\/\/linitiative.ca\/International\/wp-json\/wp\/v2\/posts\/84275\/revisions"}],"wp:featuredmedia":[{"embeddable":true,"href":"https:\/\/linitiative.ca\/International\/wp-json\/"}],"wp:attachment":[{"href":"https:\/\/linitiative.ca\/International\/wp-json\/wp\/v2\/media?parent=84275"}],"wp:term":[{"taxonomy":"category","embeddable":true,"href":"https:\/\/linitiative.ca\/International\/wp-json\/wp\/v2\/categories?post=84275"},{"taxonomy":"post_tag","embeddable":true,"href":"https:\/\/linitiative.ca\/International\/wp-json\/wp\/v2\/tags?post=84275"}],"curies":[{"name":"wp","href":"https:\/\/api.w.org\/{rel}","templated":true}]}}