{"id":84281,"date":"2020-05-04T12:49:25","date_gmt":"2020-05-04T16:49:25","guid":{"rendered":"https:\/\/linitiative.ca\/International\/lassociation-des-commercants-indiens-au-maroc-contribue-au-fonds-covid-19\/"},"modified":"2020-05-04T12:49:25","modified_gmt":"2020-05-04T16:49:25","slug":"lassociation-des-commercants-indiens-au-maroc-contribue-au-fonds-covid-19","status":"publish","type":"post","link":"https:\/\/linitiative.ca\/International\/lassociation-des-commercants-indiens-au-maroc-contribue-au-fonds-covid-19\/","title":{"rendered":"L\u2019Association  des commer\u00e7ants indiens au Maroc contribue au Fonds Covid-19"},"content":{"rendered":"<div class=\"body\">\n<div class=\"field field-name-body field-type-text-with-summary field-label-hidden\">\n<div class=\"field-items\" readability=\"8.5\">\n<div class=\"field-item even\" property=\"content:encoded\" readability=\"12\">\n<p class=\"rtejustify\">L\u2019association des commer\u00e7ants indiens au Maroc (Indian Association of Morocco) vient d\u2019effectuer un don de 100.000 DH au fonds Covid-19. A l\u2019occasion du mois de Ramadan, l\u2019association a \u00e9galement offert des dons de 10.000 DH \u00e0 3 associations (Jood, Amis des Ecoles et Ladies Circle 7).<br \/><em>A.E.<\/em><\/p>\n<\/div>\n<\/div>\n<\/div>\n<\/div>\n<div class=\"eco-conseil\">\n<div class=\"view view-eco-conseil-16 view-id-eco_conseil_16 view-display-id-cookies view-dom-id-d5bb74cb1098c4b8f8a42c82d9235afb\">\n<div class=\"view-content\">\n<div id=\"views-bootstrap-grid-1\" class=\"views-bootstrap-grid-plugin-style\">\n<div class=\"row\">\n<div class=\" col-xs-12 col-lg-4\">\n<div class=\"row\">\n<div class=\"col col-xs-12 col-lg-12\">\n<div class=\"field-content\"><a href=\"\/article\/1061444-amzazi-chez-les-deputes-la-semaine-prochaine\"><img loading=\"lazy\" decoding=\"async\" class=\"img-responsive\" typeof=\"foaf:Image\" src=\"https:\/\/www.leconomiste.com\/sites\/default\/files\/eco7\/public\/styles\/800x400\/public\/default_images\/default_une.jpg?itok=4jZlgnIZ\" width=\"660\" height=\"330\" alt=\"\"\/><\/a><\/div>\n<\/div>\n<div class=\" title_suite_2 col col-xs-12 col-lg-12\"> <a href=\"\/article\/1061444-amzazi-chez-les-deputes-la-semaine-prochaine\"\/><span class=\"field-content\">Article 1061444<\/span><\/div>\n<\/div>\n<\/div>\n<div class=\" col-xs-12 col-lg-4\">\n<div class=\"row\">\n<div class=\"col col-xs-12 col-lg-12\">\n<div class=\"field-content\"><a href=\"\/article\/1061443-oriental-aucun-cas-detecte-depuis-12-jours\"><img loading=\"lazy\" decoding=\"async\" class=\"img-responsive\" typeof=\"foaf:Image\" src=\"https:\/\/www.leconomiste.com\/sites\/default\/files\/eco7\/public\/styles\/800x400\/public\/default_images\/default_une.jpg?itok=4jZlgnIZ\" width=\"660\" height=\"330\" alt=\"\"\/><\/a><\/div>\n<\/div>\n<div class=\" title_suite_2 col col-xs-12 col-lg-12\"> <a href=\"\/article\/1061443-oriental-aucun-cas-detecte-depuis-12-jours\"\/><span class=\"field-content\">Oriental: Aucun cas d\u00e9tect\u00e9 depuis 12 jours<\/span><\/div>\n<\/div>\n<\/div>\n<div class=\" col-xs-12 col-lg-4\">\n<div class=\"row\">\n<div class=\"col col-xs-12 col-lg-12\">\n<div class=\"field-content\"><a href=\"\/article\/1061442-le-geste-de-procter-aux-plus-pauvres\"><img loading=\"lazy\" decoding=\"async\" class=\"img-responsive\" typeof=\"foaf:Image\" src=\"https:\/\/www.leconomiste.com\/sites\/default\/files\/eco7\/public\/styles\/800x400\/public\/default_images\/default_une.jpg?itok=4jZlgnIZ\" width=\"660\" height=\"330\" alt=\"\"\/><\/a><\/div>\n<\/div>\n<div class=\" title_suite_2 col col-xs-12 col-lg-12\"> <a href=\"\/article\/1061442-le-geste-de-procter-aux-plus-pauvres\"\/><span class=\"field-content\">Le geste de Procter aux plus pauvres<\/span><\/div>\n<\/div>\n<\/div>\n<\/div>\n<\/div>\n<\/div>\n<\/div>\n<\/div>\n<p>Auteur: hlafriqi<br \/>\n<a href=\"https:\/\/www.leconomiste.com\/article\/1061440-l-association-des-commercants-indiens-au-maroc-contribue-au-fonds-covid-19\">Cliquez ici pour lire l&rsquo;article depuis sa source.<\/a><\/p>\n","protected":false},"excerpt":{"rendered":"<p>L\u2019association des commer\u00e7ants indiens au Maroc (Indian Association of Morocco) vient d\u2019effectuer un don de 100.000 DH au fonds Covid-19. A l\u2019occasion du mois de Ramadan, l\u2019association a \u00e9galement offert des dons de 10.000 DH \u00e0 3 associations (Jood, Amis des Ecoles et Ladies Circle 7).A.E. Article 1061444 Oriental: Aucun cas d\u00e9tect\u00e9 depuis 12 jours [&hellip;]<\/p>\n","protected":false},"author":1763,"featured_media":0,"comment_status":"closed","ping_status":"closed","sticky":false,"template":"","format":"standard","meta":{"fifu_image_url":"","fifu_image_alt":"","footnotes":""},"categories":[78,54],"tags":[],"class_list":["post-84281","post","type-post","status-publish","format-standard","hentry","category-economie","category-maroc"],"_links":{"self":[{"href":"https:\/\/linitiative.ca\/International\/wp-json\/wp\/v2\/posts\/84281","targetHints":{"allow":["GET"]}}],"collection":[{"href":"https:\/\/linitiative.ca\/International\/wp-json\/wp\/v2\/posts"}],"about":[{"href":"https:\/\/linitiative.ca\/International\/wp-json\/wp\/v2\/types\/post"}],"author":[{"embeddable":true,"href":"https:\/\/linitiative.ca\/International\/wp-json\/wp\/v2\/users\/1763"}],"replies":[{"embeddable":true,"href":"https:\/\/linitiative.ca\/International\/wp-json\/wp\/v2\/comments?post=84281"}],"version-history":[{"count":0,"href":"https:\/\/linitiative.ca\/International\/wp-json\/wp\/v2\/posts\/84281\/revisions"}],"wp:attachment":[{"href":"https:\/\/linitiative.ca\/International\/wp-json\/wp\/v2\/media?parent=84281"}],"wp:term":[{"taxonomy":"category","embeddable":true,"href":"https:\/\/linitiative.ca\/International\/wp-json\/wp\/v2\/categories?post=84281"},{"taxonomy":"post_tag","embeddable":true,"href":"https:\/\/linitiative.ca\/International\/wp-json\/wp\/v2\/tags?post=84281"}],"curies":[{"name":"wp","href":"https:\/\/api.w.org\/{rel}","templated":true}]}}