{"id":84282,"date":"2020-05-04T12:51:01","date_gmt":"2020-05-04T16:51:01","guid":{"rendered":"https:\/\/linitiative.ca\/International\/le-personnel-navigant-se-mobilise\/"},"modified":"2020-05-04T12:51:01","modified_gmt":"2020-05-04T16:51:01","slug":"le-personnel-navigant-se-mobilise","status":"publish","type":"post","link":"https:\/\/linitiative.ca\/International\/le-personnel-navigant-se-mobilise\/","title":{"rendered":"Le personnel navigant  se mobilise"},"content":{"rendered":"<div class=\"author\" readability=\"5.6949152542373\"> Par <a href=\"\/content\/ahlam-nazih\"> Ahlam NAZIH<\/a> <a href=\"\/node\/\"> <\/a> | Edition N\u00b0:5754 Le 05\/05\/2020 | Partager <\/div>\n<div class=\"body\">\n<div class=\"field field-name-body field-type-text-with-summary field-label-hidden\">\n<div class=\"field-items\" readability=\"12.5\">\n<div class=\"field-item even\" property=\"content:encoded\" readability=\"20\">\n<p class=\"rtejustify\">Clou\u00e9s au sol mais non moins actifs. Les navigants commerciaux de RAM, et plus particuli\u00e8rement les chefs de cabine, sous l\u2019\u00e9gide de leur association, Aspenac, viennent d\u2019organiser une op\u00e9ration de dons au profit du centre hospitalier de Bir Jdid (d\u00e9l\u00e9gation provinciale d\u2019El Jadida).\u00a0 Equipements m\u00e9dicaux, masques chirurgicaux, produits de d\u00e9sinfection, g\u00e9n\u00e9rateur d\u2019oxyg\u00e8ne, m\u00e9dicaments, lait pour les nouveau-n\u00e9s, \u00e9cran de t\u00e9l\u00e9vision pour la diffusion de programmes de sensibilisation\u2026 ont ainsi \u00e9t\u00e9 livr\u00e9s. D\u2019autres actions seront bient\u00f4t men\u00e9es.<br \/><em>A.Na\u00a0 <\/em><\/p>\n<\/div>\n<\/div>\n<\/div>\n<\/div>\n<div class=\"eco-conseil\">\n<div class=\"view view-eco-conseil-16 view-id-eco_conseil_16 view-display-id-cookies view-dom-id-1f5e7815ba941e2ca4fadbd4d1b7d54f\">\n<div class=\"view-content\">\n<div id=\"views-bootstrap-grid-1\" class=\"views-bootstrap-grid-plugin-style\">\n<div class=\"row\">\n<div class=\" col-xs-12 col-lg-4\">\n<div class=\"row\">\n<div class=\"col col-xs-12 col-lg-12\">\n<div class=\"field-content\"><a href=\"\/article\/1061444-amzazi-chez-les-deputes-la-semaine-prochaine\"><img loading=\"lazy\" decoding=\"async\" class=\"img-responsive\" typeof=\"foaf:Image\" src=\"https:\/\/www.leconomiste.com\/sites\/default\/files\/eco7\/public\/styles\/800x400\/public\/default_images\/default_une.jpg?itok=4jZlgnIZ\" width=\"660\" height=\"330\" alt=\"\"\/><\/a><\/div>\n<\/div>\n<div class=\" title_suite_2 col col-xs-12 col-lg-12\"> <a href=\"\/article\/1061444-amzazi-chez-les-deputes-la-semaine-prochaine\"\/><span class=\"field-content\">Article 1061444<\/span><\/div>\n<\/div>\n<\/div>\n<div class=\" col-xs-12 col-lg-4\">\n<div class=\"row\">\n<div class=\"col col-xs-12 col-lg-12\">\n<div class=\"field-content\"><a href=\"\/article\/1061443-oriental-aucun-cas-detecte-depuis-12-jours\"><img loading=\"lazy\" decoding=\"async\" class=\"img-responsive\" typeof=\"foaf:Image\" src=\"https:\/\/www.leconomiste.com\/sites\/default\/files\/eco7\/public\/styles\/800x400\/public\/default_images\/default_une.jpg?itok=4jZlgnIZ\" width=\"660\" height=\"330\" alt=\"\"\/><\/a><\/div>\n<\/div>\n<div class=\" title_suite_2 col col-xs-12 col-lg-12\"> <a href=\"\/article\/1061443-oriental-aucun-cas-detecte-depuis-12-jours\"\/><span class=\"field-content\">Oriental: Aucun cas d\u00e9tect\u00e9 depuis 12 jours<\/span><\/div>\n<\/div>\n<\/div>\n<div class=\" col-xs-12 col-lg-4\">\n<div class=\"row\">\n<div class=\"col col-xs-12 col-lg-12\">\n<div class=\"field-content\"><a href=\"\/article\/1061442-le-geste-de-procter-aux-plus-pauvres\"><img loading=\"lazy\" decoding=\"async\" class=\"img-responsive\" typeof=\"foaf:Image\" src=\"https:\/\/www.leconomiste.com\/sites\/default\/files\/eco7\/public\/styles\/800x400\/public\/default_images\/default_une.jpg?itok=4jZlgnIZ\" width=\"660\" height=\"330\" alt=\"\"\/><\/a><\/div>\n<\/div>\n<div class=\" title_suite_2 col col-xs-12 col-lg-12\"> <a href=\"\/article\/1061442-le-geste-de-procter-aux-plus-pauvres\"\/><span class=\"field-content\">Le geste de Procter aux plus pauvres<\/span><\/div>\n<\/div>\n<\/div>\n<\/div>\n<\/div>\n<\/div>\n<\/div>\n<\/div>\n<p>Auteur: hlafriqi<br \/>\n<a href=\"https:\/\/www.leconomiste.com\/article\/1061441-le-personnel-navigant-se-mobilise\">Cliquez ici pour lire l&rsquo;article depuis sa source.<\/a><\/p>\n","protected":false},"excerpt":{"rendered":"<p>Par Ahlam NAZIH | Edition N\u00b0:5754 Le 05\/05\/2020 | Partager Clou\u00e9s au sol mais non moins actifs. Les navigants commerciaux de RAM, et plus particuli\u00e8rement les chefs de cabine, sous l\u2019\u00e9gide de leur association, Aspenac, viennent d\u2019organiser une op\u00e9ration de dons au profit du centre hospitalier de Bir Jdid (d\u00e9l\u00e9gation provinciale d\u2019El Jadida).\u00a0 Equipements m\u00e9dicaux, [&hellip;]<\/p>\n","protected":false},"author":1763,"featured_media":0,"comment_status":"closed","ping_status":"closed","sticky":false,"template":"","format":"standard","meta":{"fifu_image_url":"","fifu_image_alt":"","footnotes":""},"categories":[78,54],"tags":[],"class_list":["post-84282","post","type-post","status-publish","format-standard","hentry","category-economie","category-maroc"],"_links":{"self":[{"href":"https:\/\/linitiative.ca\/International\/wp-json\/wp\/v2\/posts\/84282","targetHints":{"allow":["GET"]}}],"collection":[{"href":"https:\/\/linitiative.ca\/International\/wp-json\/wp\/v2\/posts"}],"about":[{"href":"https:\/\/linitiative.ca\/International\/wp-json\/wp\/v2\/types\/post"}],"author":[{"embeddable":true,"href":"https:\/\/linitiative.ca\/International\/wp-json\/wp\/v2\/users\/1763"}],"replies":[{"embeddable":true,"href":"https:\/\/linitiative.ca\/International\/wp-json\/wp\/v2\/comments?post=84282"}],"version-history":[{"count":0,"href":"https:\/\/linitiative.ca\/International\/wp-json\/wp\/v2\/posts\/84282\/revisions"}],"wp:attachment":[{"href":"https:\/\/linitiative.ca\/International\/wp-json\/wp\/v2\/media?parent=84282"}],"wp:term":[{"taxonomy":"category","embeddable":true,"href":"https:\/\/linitiative.ca\/International\/wp-json\/wp\/v2\/categories?post=84282"},{"taxonomy":"post_tag","embeddable":true,"href":"https:\/\/linitiative.ca\/International\/wp-json\/wp\/v2\/tags?post=84282"}],"curies":[{"name":"wp","href":"https:\/\/api.w.org\/{rel}","templated":true}]}}