{"id":84284,"date":"2020-05-04T12:53:14","date_gmt":"2020-05-04T16:53:14","guid":{"rendered":"https:\/\/linitiative.ca\/International\/oriental-aucun-cas-detecte-depuis-12-jours\/"},"modified":"2020-05-04T12:53:14","modified_gmt":"2020-05-04T16:53:14","slug":"oriental-aucun-cas-detecte-depuis-12-jours","status":"publish","type":"post","link":"https:\/\/linitiative.ca\/International\/oriental-aucun-cas-detecte-depuis-12-jours\/","title":{"rendered":"Oriental: Aucun cas d\u00e9tect\u00e9 depuis 12 jours"},"content":{"rendered":"<div class=\"body\">\n<div class=\"field field-name-body field-type-text-with-summary field-label-hidden\">\n<div class=\"field-items\" readability=\"10\">\n<div class=\"field-item even\" property=\"content:encoded\" readability=\"15\">\n<p class=\"rtejustify\">La courbe de cas confirm\u00e9s dans l\u2019Oriental est stable. Aucun cas d\u2019infection au coronavirus (Covid-19) n\u2019a \u00e9t\u00e9 d\u00e9tect\u00e9 depuis le 23 avril 2020. En parall\u00e8le le nombre des personnes gu\u00e9ries est pass\u00e9 \u00e0 85 sur un total de 175 cas confirm\u00e9s depuis le d\u00e9but de la pand\u00e9mie. Quant au nombre de d\u00e9c\u00e8s, huit au total, il est rest\u00e9 inchang\u00e9, depuis 16 jours selon les donn\u00e9es de la direction r\u00e9gionale de la Sant\u00e9 relatives au bilan de l\u2019\u00e9volution du Covid-19. Sur le plan provincial, Jerada est \u00e9pargn\u00e9 avec 0 cas positif, suivie de la province de Figuig avec 1 cas d\u00e9tect\u00e9.<br \/><em>A.K.<\/em><\/p>\n<\/div>\n<\/div>\n<\/div>\n<\/div>\n<div class=\"eco-conseil\">\n<div class=\"view view-eco-conseil-16 view-id-eco_conseil_16 view-display-id-cookies view-dom-id-14fd21160c74c7cdb0fefa2442f9c1d7\">\n<div class=\"view-content\">\n<div id=\"views-bootstrap-grid-1\" class=\"views-bootstrap-grid-plugin-style\">\n<div class=\"row\">\n<div class=\" col-xs-12 col-lg-4\">\n<div class=\"row\">\n<div class=\"col col-xs-12 col-lg-12\">\n<div class=\"field-content\"><a href=\"\/article\/1061444-amzazi-chez-les-deputes-la-semaine-prochaine\"><img loading=\"lazy\" decoding=\"async\" class=\"img-responsive\" typeof=\"foaf:Image\" src=\"https:\/\/www.leconomiste.com\/sites\/default\/files\/eco7\/public\/styles\/800x400\/public\/default_images\/default_une.jpg?itok=4jZlgnIZ\" width=\"660\" height=\"330\" alt=\"\"\/><\/a><\/div>\n<\/div>\n<div class=\" title_suite_2 col col-xs-12 col-lg-12\"> <a href=\"\/article\/1061444-amzazi-chez-les-deputes-la-semaine-prochaine\"\/><span class=\"field-content\">Article 1061444<\/span><\/div>\n<\/div>\n<\/div>\n<div class=\" col-xs-12 col-lg-4\">\n<div class=\"row\">\n<div class=\"col col-xs-12 col-lg-12\">\n<div class=\"field-content\"><a href=\"\/article\/1061442-le-geste-de-procter-aux-plus-pauvres\"><img loading=\"lazy\" decoding=\"async\" class=\"img-responsive\" typeof=\"foaf:Image\" src=\"https:\/\/www.leconomiste.com\/sites\/default\/files\/eco7\/public\/styles\/800x400\/public\/default_images\/default_une.jpg?itok=4jZlgnIZ\" width=\"660\" height=\"330\" alt=\"\"\/><\/a><\/div>\n<\/div>\n<div class=\" title_suite_2 col col-xs-12 col-lg-12\"> <a href=\"\/article\/1061442-le-geste-de-procter-aux-plus-pauvres\"\/><span class=\"field-content\">Le geste de Procter aux plus pauvres<\/span><\/div>\n<\/div>\n<\/div>\n<div class=\" col-xs-12 col-lg-4\">\n<div class=\"row\">\n<div class=\"col col-xs-12 col-lg-12\">\n<div class=\"field-content\"><a href=\"\/article\/1061441-le-personnel-navigant-se-mobilise\"><img loading=\"lazy\" decoding=\"async\" class=\"img-responsive\" typeof=\"foaf:Image\" src=\"https:\/\/www.leconomiste.com\/sites\/default\/files\/eco7\/public\/styles\/800x400\/public\/default_images\/default_une.jpg?itok=4jZlgnIZ\" width=\"660\" height=\"330\" alt=\"\"\/><\/a><\/div>\n<\/div>\n<div class=\" title_suite_2 col col-xs-12 col-lg-12\"> <a href=\"\/article\/1061441-le-personnel-navigant-se-mobilise\"\/><span class=\"field-content\">Le personnel navigant se mobilise<\/span><\/div>\n<\/div>\n<\/div>\n<\/div>\n<\/div>\n<\/div>\n<\/div>\n<\/div>\n<p>Auteur: hlafriqi<br \/>\n<a href=\"https:\/\/www.leconomiste.com\/article\/1061443-oriental-aucun-cas-detecte-depuis-12-jours\">Cliquez ici pour lire l&rsquo;article depuis sa source.<\/a><\/p>\n","protected":false},"excerpt":{"rendered":"<p>La courbe de cas confirm\u00e9s dans l\u2019Oriental est stable. Aucun cas d\u2019infection au coronavirus (Covid-19) n\u2019a \u00e9t\u00e9 d\u00e9tect\u00e9 depuis le 23 avril 2020. En parall\u00e8le le nombre des personnes gu\u00e9ries est pass\u00e9 \u00e0 85 sur un total de 175 cas confirm\u00e9s depuis le d\u00e9but de la pand\u00e9mie. Quant au nombre de d\u00e9c\u00e8s, huit au total, [&hellip;]<\/p>\n","protected":false},"author":1763,"featured_media":0,"comment_status":"closed","ping_status":"closed","sticky":false,"template":"","format":"standard","meta":{"fifu_image_url":"","fifu_image_alt":"","footnotes":""},"categories":[78,54],"tags":[],"class_list":["post-84284","post","type-post","status-publish","format-standard","hentry","category-economie","category-maroc"],"_links":{"self":[{"href":"https:\/\/linitiative.ca\/International\/wp-json\/wp\/v2\/posts\/84284","targetHints":{"allow":["GET"]}}],"collection":[{"href":"https:\/\/linitiative.ca\/International\/wp-json\/wp\/v2\/posts"}],"about":[{"href":"https:\/\/linitiative.ca\/International\/wp-json\/wp\/v2\/types\/post"}],"author":[{"embeddable":true,"href":"https:\/\/linitiative.ca\/International\/wp-json\/wp\/v2\/users\/1763"}],"replies":[{"embeddable":true,"href":"https:\/\/linitiative.ca\/International\/wp-json\/wp\/v2\/comments?post=84284"}],"version-history":[{"count":0,"href":"https:\/\/linitiative.ca\/International\/wp-json\/wp\/v2\/posts\/84284\/revisions"}],"wp:attachment":[{"href":"https:\/\/linitiative.ca\/International\/wp-json\/wp\/v2\/media?parent=84284"}],"wp:term":[{"taxonomy":"category","embeddable":true,"href":"https:\/\/linitiative.ca\/International\/wp-json\/wp\/v2\/categories?post=84284"},{"taxonomy":"post_tag","embeddable":true,"href":"https:\/\/linitiative.ca\/International\/wp-json\/wp\/v2\/tags?post=84284"}],"curies":[{"name":"wp","href":"https:\/\/api.w.org\/{rel}","templated":true}]}}