{"id":84285,"date":"2020-05-04T12:54:07","date_gmt":"2020-05-04T16:54:07","guid":{"rendered":"https:\/\/linitiative.ca\/International\/article-1061444\/"},"modified":"2020-05-04T12:54:07","modified_gmt":"2020-05-04T16:54:07","slug":"article-1061444","status":"publish","type":"post","link":"https:\/\/linitiative.ca\/International\/article-1061444\/","title":{"rendered":"Article 1061444"},"content":{"rendered":"<div class=\"body\">\n<div class=\"field field-name-body field-type-text-with-summary field-label-hidden\">\n<div class=\"field-items\" readability=\"9\">\n<div class=\"field-item even\" property=\"content:encoded\" readability=\"13\">\n<p class=\"rtejustify\">Saa\u00efd Amzazi sera interpell\u00e9, mercredi 13 mai prochain, par les membres de la Commission de la culture et de l\u2019\u00e9ducation de la Chambre des repr\u00e9sentants. Le ministre sera appel\u00e9 \u00e0 dresser un bilan d\u2019\u00e9tape du mod\u00e8le d\u2019enseignement \u00e0 distance, et de faire le point sur les pr\u00e9parations du dispositif de pr\u00e9vention pr\u00e9vu pour l\u2019organisation des examens.<br \/><em>M.A.M. <\/em><\/p>\n<\/div>\n<\/div>\n<\/div>\n<\/div>\n<div class=\"eco-conseil\">\n<div class=\"view view-eco-conseil-16 view-id-eco_conseil_16 view-display-id-cookies view-dom-id-363d4ec27e793681b05a3321e15f806b\">\n<div class=\"view-content\">\n<div id=\"views-bootstrap-grid-1\" class=\"views-bootstrap-grid-plugin-style\">\n<div class=\"row\">\n<div class=\" col-xs-12 col-lg-4\">\n<div class=\"row\">\n<div class=\"col col-xs-12 col-lg-12\">\n<div class=\"field-content\"><a href=\"\/article\/1061443-oriental-aucun-cas-detecte-depuis-12-jours\"><img loading=\"lazy\" decoding=\"async\" class=\"img-responsive\" typeof=\"foaf:Image\" src=\"https:\/\/www.leconomiste.com\/sites\/default\/files\/eco7\/public\/styles\/800x400\/public\/default_images\/default_une.jpg?itok=4jZlgnIZ\" width=\"660\" height=\"330\" alt=\"\"\/><\/a><\/div>\n<\/div>\n<div class=\" title_suite_2 col col-xs-12 col-lg-12\"> <a href=\"\/article\/1061443-oriental-aucun-cas-detecte-depuis-12-jours\"\/><span class=\"field-content\">Oriental: Aucun cas d\u00e9tect\u00e9 depuis 12 jours<\/span><\/div>\n<\/div>\n<\/div>\n<div class=\" col-xs-12 col-lg-4\">\n<div class=\"row\">\n<div class=\"col col-xs-12 col-lg-12\">\n<div class=\"field-content\"><a href=\"\/article\/1061442-le-geste-de-procter-aux-plus-pauvres\"><img loading=\"lazy\" decoding=\"async\" class=\"img-responsive\" typeof=\"foaf:Image\" src=\"https:\/\/www.leconomiste.com\/sites\/default\/files\/eco7\/public\/styles\/800x400\/public\/default_images\/default_une.jpg?itok=4jZlgnIZ\" width=\"660\" height=\"330\" alt=\"\"\/><\/a><\/div>\n<\/div>\n<div class=\" title_suite_2 col col-xs-12 col-lg-12\"> <a href=\"\/article\/1061442-le-geste-de-procter-aux-plus-pauvres\"\/><span class=\"field-content\">Le geste de Procter aux plus pauvres<\/span><\/div>\n<\/div>\n<\/div>\n<div class=\" col-xs-12 col-lg-4\">\n<div class=\"row\">\n<div class=\"col col-xs-12 col-lg-12\">\n<div class=\"field-content\"><a href=\"\/article\/1061441-le-personnel-navigant-se-mobilise\"><img loading=\"lazy\" decoding=\"async\" class=\"img-responsive\" typeof=\"foaf:Image\" src=\"https:\/\/www.leconomiste.com\/sites\/default\/files\/eco7\/public\/styles\/800x400\/public\/default_images\/default_une.jpg?itok=4jZlgnIZ\" width=\"660\" height=\"330\" alt=\"\"\/><\/a><\/div>\n<\/div>\n<div class=\" title_suite_2 col col-xs-12 col-lg-12\"> <a href=\"\/article\/1061441-le-personnel-navigant-se-mobilise\"\/><span class=\"field-content\">Le personnel navigant se mobilise<\/span><\/div>\n<\/div>\n<\/div>\n<\/div>\n<\/div>\n<\/div>\n<\/div>\n<\/div>\n<p>Auteur: hlafriqi<br \/>\n<a href=\"https:\/\/www.leconomiste.com\/article\/1061444-amzazi-chez-les-deputes-la-semaine-prochaine\">Cliquez ici pour lire l&rsquo;article depuis sa source.<\/a><\/p>\n","protected":false},"excerpt":{"rendered":"<p>Saa\u00efd Amzazi sera interpell\u00e9, mercredi 13 mai prochain, par les membres de la Commission de la culture et de l\u2019\u00e9ducation de la Chambre des repr\u00e9sentants. Le ministre sera appel\u00e9 \u00e0 dresser un bilan d\u2019\u00e9tape du mod\u00e8le d\u2019enseignement \u00e0 distance, et de faire le point sur les pr\u00e9parations du dispositif de pr\u00e9vention pr\u00e9vu pour l\u2019organisation des [&hellip;]<\/p>\n","protected":false},"author":1763,"featured_media":0,"comment_status":"closed","ping_status":"closed","sticky":false,"template":"","format":"standard","meta":{"fifu_image_url":"","fifu_image_alt":"","footnotes":""},"categories":[78,54],"tags":[],"class_list":["post-84285","post","type-post","status-publish","format-standard","hentry","category-economie","category-maroc"],"_links":{"self":[{"href":"https:\/\/linitiative.ca\/International\/wp-json\/wp\/v2\/posts\/84285","targetHints":{"allow":["GET"]}}],"collection":[{"href":"https:\/\/linitiative.ca\/International\/wp-json\/wp\/v2\/posts"}],"about":[{"href":"https:\/\/linitiative.ca\/International\/wp-json\/wp\/v2\/types\/post"}],"author":[{"embeddable":true,"href":"https:\/\/linitiative.ca\/International\/wp-json\/wp\/v2\/users\/1763"}],"replies":[{"embeddable":true,"href":"https:\/\/linitiative.ca\/International\/wp-json\/wp\/v2\/comments?post=84285"}],"version-history":[{"count":0,"href":"https:\/\/linitiative.ca\/International\/wp-json\/wp\/v2\/posts\/84285\/revisions"}],"wp:attachment":[{"href":"https:\/\/linitiative.ca\/International\/wp-json\/wp\/v2\/media?parent=84285"}],"wp:term":[{"taxonomy":"category","embeddable":true,"href":"https:\/\/linitiative.ca\/International\/wp-json\/wp\/v2\/categories?post=84285"},{"taxonomy":"post_tag","embeddable":true,"href":"https:\/\/linitiative.ca\/International\/wp-json\/wp\/v2\/tags?post=84285"}],"curies":[{"name":"wp","href":"https:\/\/api.w.org\/{rel}","templated":true}]}}