{"id":84288,"date":"2020-05-04T15:13:12","date_gmt":"2020-05-04T19:13:12","guid":{"rendered":"https:\/\/linitiative.ca\/International\/international-psg-neymar-refuse-une-prime-astronomique-pour-prolonger\/"},"modified":"2020-05-04T15:13:12","modified_gmt":"2020-05-04T19:13:12","slug":"international-psg-neymar-refuse-une-prime-astronomique-pour-prolonger","status":"publish","type":"post","link":"https:\/\/linitiative.ca\/International\/international-psg-neymar-refuse-une-prime-astronomique-pour-prolonger\/","title":{"rendered":"International : PSG : Neymar refuse une prime astronomique pour prolonger"},"content":{"rendered":"<div readability=\"32\">\n<p>Auteur : <span class=\"time\">lundi 04 mai 2020 16:55<\/span><\/p>\n<\/div>\n<div id=\"post_core\" readability=\"45\">\n<p>Le but \u00e9tant de verrouiller d\u00e9finitivement le num\u00e9ro 10 et d\u2019\u00e9carter les vell\u00e9it\u00e9s des autres \u00e9quipes dont le FC. Barcelone. Mais selon Les-Transferts, le Br\u00e9silien aurait refus\u00e9 une prime de 100 millions d\u2019euros pour une prolongation au PSG. Neymar esp\u00e8re toujours rejoindre le Bar\u00e7a l\u2019\u00e9t\u00e9 prochain en d\u00e9pit de l\u2019\u00e9norme faveur consentie par la direction parisienne.<\/p>\n<p>L\u2019ancien joueur du Bar\u00e7a est cependant au courant qu\u2019il devra faire d\u2019\u00e9normes sacrifices s\u2019il veut revenir en Espagne. Mais Neymar\u00a0serait pr\u00eat \u00e0 toucher la moiti\u00e9 de ce qu\u2019il re\u00e7oit actuellement au PSG pour rejoindre le club catalan. Face \u00e0 l\u2019intransigeance des dirigeants qataris, Bartomeu pense toujours \u00e0 utiliser la clause lib\u00e9ratoire fix\u00e9e par la FIFA pour le Br\u00e9silien. Mais pour que la f\u00e9d\u00e9ration internationale \u00e9mette un prix sur un joueur, ce dernier doit d\u2019abord informer officiellement son club de son intention de partir. Cependant Neymar attendrait les plans du Bar\u00e7a et la garantie que les catalans iront jusqu\u2019au bout pour un transfert\u00a0 avant d\u2019utiliser la FIFA et la clause de r\u00e9siliation.<\/p>\n<p><strong>Publi\u00e9 dans :<\/strong> <span>PSG : Neymar<\/span><\/p>\n<\/div>\n<p>Auteur:<br \/>\n<a href=\"http:\/\/www.lebuteur.com\/article\/detail?titre=psg-neymar-refuse-une-prime-astronomique-pour-prolonger&#038;id=95835&#038;utm_source=feedburner&#038;utm_medium=feed&#038;utm_campaign=Feed%3A+GalerieFArtciles+%28Les+derniers+articles++-+lebuteur.com%29\">Cliquez ici pour lire l&rsquo;article depuis sa source.<\/a><\/p>\n","protected":false},"excerpt":{"rendered":"<p>Auteur : lundi 04 mai 2020 16:55 Le but \u00e9tant de verrouiller d\u00e9finitivement le num\u00e9ro 10 et d\u2019\u00e9carter les vell\u00e9it\u00e9s des autres \u00e9quipes dont le FC. Barcelone. Mais selon Les-Transferts, le Br\u00e9silien aurait refus\u00e9 une prime de 100 millions d\u2019euros pour une prolongation au PSG. Neymar esp\u00e8re toujours rejoindre le Bar\u00e7a l\u2019\u00e9t\u00e9 prochain en d\u00e9pit [&hellip;]<\/p>\n","protected":false},"author":1738,"featured_media":84289,"comment_status":"closed","ping_status":"closed","sticky":false,"template":"","format":"standard","meta":{"fifu_image_url":"","fifu_image_alt":"","footnotes":""},"categories":[53,75],"tags":[],"class_list":["post-84288","post","type-post","status-publish","format-standard","has-post-thumbnail","hentry","category-algerie","category-sport"],"_links":{"self":[{"href":"https:\/\/linitiative.ca\/International\/wp-json\/wp\/v2\/posts\/84288","targetHints":{"allow":["GET"]}}],"collection":[{"href":"https:\/\/linitiative.ca\/International\/wp-json\/wp\/v2\/posts"}],"about":[{"href":"https:\/\/linitiative.ca\/International\/wp-json\/wp\/v2\/types\/post"}],"author":[{"embeddable":true,"href":"https:\/\/linitiative.ca\/International\/wp-json\/wp\/v2\/users\/1738"}],"replies":[{"embeddable":true,"href":"https:\/\/linitiative.ca\/International\/wp-json\/wp\/v2\/comments?post=84288"}],"version-history":[{"count":0,"href":"https:\/\/linitiative.ca\/International\/wp-json\/wp\/v2\/posts\/84288\/revisions"}],"wp:featuredmedia":[{"embeddable":true,"href":"https:\/\/linitiative.ca\/International\/wp-json\/"}],"wp:attachment":[{"href":"https:\/\/linitiative.ca\/International\/wp-json\/wp\/v2\/media?parent=84288"}],"wp:term":[{"taxonomy":"category","embeddable":true,"href":"https:\/\/linitiative.ca\/International\/wp-json\/wp\/v2\/categories?post=84288"},{"taxonomy":"post_tag","embeddable":true,"href":"https:\/\/linitiative.ca\/International\/wp-json\/wp\/v2\/tags?post=84288"}],"curies":[{"name":"wp","href":"https:\/\/api.w.org\/{rel}","templated":true}]}}