{"id":84290,"date":"2020-05-04T15:13:14","date_gmt":"2020-05-04T19:13:14","guid":{"rendered":"https:\/\/linitiative.ca\/International\/international-arsenal-le-prix-de-mkhitaryan-fixe\/"},"modified":"2020-05-04T15:13:14","modified_gmt":"2020-05-04T19:13:14","slug":"international-arsenal-le-prix-de-mkhitaryan-fixe","status":"publish","type":"post","link":"https:\/\/linitiative.ca\/International\/international-arsenal-le-prix-de-mkhitaryan-fixe\/","title":{"rendered":"International : Arsenal : Le prix de Mkhitaryan fix\u00e9"},"content":{"rendered":"<div readability=\"32\">\n<p>Auteur : <span class=\"time\">lundi 04 mai 2020 17:00<\/span><\/p>\n<\/div>\n<div id=\"post_core\" readability=\"42\">\n<p>D&rsquo;apr\u00e8s le Daily Mirror et Topmercato, les Gunners auraient l&rsquo;intention de vendre l&rsquo;ancien joueur du Borussia Dortmund dans ces prochains mois dans le but de renflouer les caisses du club et de pallier aux difficult\u00e9s financi\u00e8res li\u00e9es \u00e0 la crise du coronavirus.\u00a0Cette d\u00e9cision ravira la Roma, d\u00e9sireuse de s&rsquo;attacher d\u00e9finitivement les services de l&rsquo;international arm\u00e9nien, encore sous contrat jusqu&rsquo;en juin 2021 avec Arsenal. Les deux parties devront s&rsquo;entendre sur le montant du deal, sachant que le pensionnaire de l&rsquo;Emirates Stadium r\u00e9clamerait 10 millions de livres (11,3 millions d&rsquo;euros).\u00a0<\/p>\n<p><strong>Publi\u00e9 dans :<\/strong> <span>Arsenal : Mkhitaryan<\/span><\/p>\n<\/div>\n<p>Auteur:<br \/>\n<a href=\"http:\/\/www.lebuteur.com\/article\/detail?titre=arsenal-le-prix-de-mkhitaryan-fixe&#038;id=95836&#038;utm_source=feedburner&#038;utm_medium=feed&#038;utm_campaign=Feed%3A+GalerieFArtciles+%28Les+derniers+articles++-+lebuteur.com%29\">Cliquez ici pour lire l&rsquo;article depuis sa source.<\/a><\/p>\n","protected":false},"excerpt":{"rendered":"<p>Auteur : lundi 04 mai 2020 17:00 D&rsquo;apr\u00e8s le Daily Mirror et Topmercato, les Gunners auraient l&rsquo;intention de vendre l&rsquo;ancien joueur du Borussia Dortmund dans ces prochains mois dans le but de renflouer les caisses du club et de pallier aux difficult\u00e9s financi\u00e8res li\u00e9es \u00e0 la crise du coronavirus.\u00a0Cette d\u00e9cision ravira la Roma, d\u00e9sireuse de [&hellip;]<\/p>\n","protected":false},"author":1738,"featured_media":84291,"comment_status":"closed","ping_status":"closed","sticky":false,"template":"","format":"standard","meta":{"fifu_image_url":"","fifu_image_alt":"","footnotes":""},"categories":[53,75],"tags":[],"class_list":["post-84290","post","type-post","status-publish","format-standard","has-post-thumbnail","hentry","category-algerie","category-sport"],"_links":{"self":[{"href":"https:\/\/linitiative.ca\/International\/wp-json\/wp\/v2\/posts\/84290","targetHints":{"allow":["GET"]}}],"collection":[{"href":"https:\/\/linitiative.ca\/International\/wp-json\/wp\/v2\/posts"}],"about":[{"href":"https:\/\/linitiative.ca\/International\/wp-json\/wp\/v2\/types\/post"}],"author":[{"embeddable":true,"href":"https:\/\/linitiative.ca\/International\/wp-json\/wp\/v2\/users\/1738"}],"replies":[{"embeddable":true,"href":"https:\/\/linitiative.ca\/International\/wp-json\/wp\/v2\/comments?post=84290"}],"version-history":[{"count":0,"href":"https:\/\/linitiative.ca\/International\/wp-json\/wp\/v2\/posts\/84290\/revisions"}],"wp:featuredmedia":[{"embeddable":true,"href":"https:\/\/linitiative.ca\/International\/wp-json\/"}],"wp:attachment":[{"href":"https:\/\/linitiative.ca\/International\/wp-json\/wp\/v2\/media?parent=84290"}],"wp:term":[{"taxonomy":"category","embeddable":true,"href":"https:\/\/linitiative.ca\/International\/wp-json\/wp\/v2\/categories?post=84290"},{"taxonomy":"post_tag","embeddable":true,"href":"https:\/\/linitiative.ca\/International\/wp-json\/wp\/v2\/tags?post=84290"}],"curies":[{"name":"wp","href":"https:\/\/api.w.org\/{rel}","templated":true}]}}