{"id":84294,"date":"2020-05-04T15:13:17","date_gmt":"2020-05-04T19:13:17","guid":{"rendered":"https:\/\/linitiative.ca\/International\/international-betis-ces-deux-grands-clubs-qui-font-rever-fekir\/"},"modified":"2020-05-04T15:13:17","modified_gmt":"2020-05-04T19:13:17","slug":"international-betis-ces-deux-grands-clubs-qui-font-rever-fekir","status":"publish","type":"post","link":"https:\/\/linitiative.ca\/International\/international-betis-ces-deux-grands-clubs-qui-font-rever-fekir\/","title":{"rendered":"International : Betis : Ces deux grands clubs qui font r\u00eaver Fekir"},"content":{"rendered":"<div readability=\"32\">\n<p>Auteur : <span class=\"time\">lundi 04 mai 2020 19:31<\/span><\/p>\n<\/div>\n<div id=\"post_core\" readability=\"44\">\n<p>Cependant, l&rsquo;international fran\u00e7ais ne devrait pas quitter le Betis. Apr\u00e8s une saison dans la belle ville s\u00e9villane, Fekir conna\u00eet parfaitement les atouts d\u2019une Liga qui lui convient parfaitement.<\/p>\n<p>Dans l\u2019id\u00e9al, il souhaite d\u2019ailleurs poursuivre sa carri\u00e8re en Espagne et r\u00eave \u00e9videmment des deux g\u00e9ants du championnat comme l&rsquo;indique Football. Le Bar\u00e7a avait d\u00e9j\u00e0 un oeil sur lui lors de son transfert en provenance de l\u2019Olympique Lyonnais et attendait de voir ses prestations en Liga. Pour le Real Madrid, c\u2019est plus flou. Mais tant qu\u2019\u00e0 faire, Fekir se trouve dans une position d\u2019attente. Il sait ce qu\u2019il a \u00e0 S\u00e9ville et ne devrait pas changer d\u2019air \u00e0 moins de recevoir une proposition d\u2019un club de premier ordre.<\/p>\n<p><strong>Publi\u00e9 dans :<\/strong> <span>Fekir<\/span><\/p>\n<\/div>\n<p>Auteur:<br \/>\n<a href=\"http:\/\/www.lebuteur.com\/article\/detail?titre=betis-ces-deux-grands-clubs-qui-font-rever-fekir&#038;id=95838&#038;utm_source=feedburner&#038;utm_medium=feed&#038;utm_campaign=Feed%3A+GalerieFArtciles+%28Les+derniers+articles++-+lebuteur.com%29\">Cliquez ici pour lire l&rsquo;article depuis sa source.<\/a><\/p>\n","protected":false},"excerpt":{"rendered":"<p>Auteur : lundi 04 mai 2020 19:31 Cependant, l&rsquo;international fran\u00e7ais ne devrait pas quitter le Betis. Apr\u00e8s une saison dans la belle ville s\u00e9villane, Fekir conna\u00eet parfaitement les atouts d\u2019une Liga qui lui convient parfaitement. Dans l\u2019id\u00e9al, il souhaite d\u2019ailleurs poursuivre sa carri\u00e8re en Espagne et r\u00eave \u00e9videmment des deux g\u00e9ants du championnat comme l&rsquo;indique [&hellip;]<\/p>\n","protected":false},"author":1738,"featured_media":84295,"comment_status":"closed","ping_status":"closed","sticky":false,"template":"","format":"standard","meta":{"fifu_image_url":"","fifu_image_alt":"","footnotes":""},"categories":[53,75],"tags":[],"class_list":["post-84294","post","type-post","status-publish","format-standard","has-post-thumbnail","hentry","category-algerie","category-sport"],"_links":{"self":[{"href":"https:\/\/linitiative.ca\/International\/wp-json\/wp\/v2\/posts\/84294","targetHints":{"allow":["GET"]}}],"collection":[{"href":"https:\/\/linitiative.ca\/International\/wp-json\/wp\/v2\/posts"}],"about":[{"href":"https:\/\/linitiative.ca\/International\/wp-json\/wp\/v2\/types\/post"}],"author":[{"embeddable":true,"href":"https:\/\/linitiative.ca\/International\/wp-json\/wp\/v2\/users\/1738"}],"replies":[{"embeddable":true,"href":"https:\/\/linitiative.ca\/International\/wp-json\/wp\/v2\/comments?post=84294"}],"version-history":[{"count":0,"href":"https:\/\/linitiative.ca\/International\/wp-json\/wp\/v2\/posts\/84294\/revisions"}],"wp:featuredmedia":[{"embeddable":true,"href":"https:\/\/linitiative.ca\/International\/wp-json\/"}],"wp:attachment":[{"href":"https:\/\/linitiative.ca\/International\/wp-json\/wp\/v2\/media?parent=84294"}],"wp:term":[{"taxonomy":"category","embeddable":true,"href":"https:\/\/linitiative.ca\/International\/wp-json\/wp\/v2\/categories?post=84294"},{"taxonomy":"post_tag","embeddable":true,"href":"https:\/\/linitiative.ca\/International\/wp-json\/wp\/v2\/tags?post=84294"}],"curies":[{"name":"wp","href":"https:\/\/api.w.org\/{rel}","templated":true}]}}