{"id":84296,"date":"2020-05-04T15:18:50","date_gmt":"2020-05-04T19:18:50","guid":{"rendered":"https:\/\/linitiative.ca\/International\/bejaia-installation-du-nouveau-recteur-de-luniversite\/"},"modified":"2020-05-04T15:18:50","modified_gmt":"2020-05-04T19:18:50","slug":"bejaia-installation-du-nouveau-recteur-de-luniversite","status":"publish","type":"post","link":"https:\/\/linitiative.ca\/International\/bejaia-installation-du-nouveau-recteur-de-luniversite\/","title":{"rendered":"B\u00e9ja\u00efa   : Installation du nouveau recteur de l\u2019universit\u00e9"},"content":{"rendered":"<div class=\"TxArtcile\" readability=\"16\">\n<p>Le nouveau recteur de l\u2019universit\u00e9 Abderrahmane-Mira de B\u00e9ja\u00efa, le professeur Ahmed Bouda, a \u00e9t\u00e9 install\u00e9 dimanche par le secr\u00e9taire g\u00e9n\u00e9ral du minist\u00e8re de l\u2019Enseignement sup\u00e9rieur et de la Recherche scientifique, en pr\u00e9sence des autorit\u00e9s de la wilaya et de la communaut\u00e9 estudiantine. Il remplace le professeur Boualem Saidani, promu au poste de directeur g\u00e9n\u00e9ral de l\u2019enseignement et de la formation sup\u00e9rieurs au minist\u00e8re. Le professeur Bouda \u00e9tait vice-recteur charg\u00e9 de la formation sup\u00e9rieure de troisi\u00e8me cycle, de l&rsquo;habilitation universitaire, de la recherche scientifique et la formation sup\u00e9rieure et de post-graduation.<br \/>M. Laouer<\/p>\n<\/div>\n<div class=\"ModliArtilUne\">\n<ul>\n<li><strong>Publi\u00e9 dans :<\/strong><\/li>\n<\/ul>\n<\/div>\n<div class=\"MbComIns\" id=\"newcom\" readability=\"5.6940298507463\">\n<h6>DONNEZ VOTRE AVIS<\/h6>\n<p>Il n&rsquo;y a actuellement aucune r\u00e9action \u00e0 cette information. Soyez le premier \u00e0 r\u00e9agir !<\/p>\n<p><a href=\"\" rel=\"#popup\" class=\"login resetbutton\">Identifiez-vous<\/a><a class=\"button\" href=\"http:\/\/www.elmoudjahid.com\/fr\/inscription\/\"><span>S&rsquo;inscrire<\/span><\/a><\/p>\n<\/div>\n<p>Auteur: elmoudjahid<br \/>\n<a href=\"http:\/\/www.elmoudjahid.com\/fr\/actualites\/152770\">Cliquez ici pour lire l&rsquo;article depuis sa source.<\/a><\/p>\n","protected":false},"excerpt":{"rendered":"<p>Le nouveau recteur de l\u2019universit\u00e9 Abderrahmane-Mira de B\u00e9ja\u00efa, le professeur Ahmed Bouda, a \u00e9t\u00e9 install\u00e9 dimanche par le secr\u00e9taire g\u00e9n\u00e9ral du minist\u00e8re de l\u2019Enseignement sup\u00e9rieur et de la Recherche scientifique, en pr\u00e9sence des autorit\u00e9s de la wilaya et de la communaut\u00e9 estudiantine. Il remplace le professeur Boualem Saidani, promu au poste de directeur g\u00e9n\u00e9ral de [&hellip;]<\/p>\n","protected":false},"author":1744,"featured_media":0,"comment_status":"closed","ping_status":"closed","sticky":false,"template":"","format":"standard","meta":{"fifu_image_url":"","fifu_image_alt":"","footnotes":""},"categories":[73,53],"tags":[],"class_list":["post-84296","post","type-post","status-publish","format-standard","hentry","category-actualite","category-algerie"],"_links":{"self":[{"href":"https:\/\/linitiative.ca\/International\/wp-json\/wp\/v2\/posts\/84296","targetHints":{"allow":["GET"]}}],"collection":[{"href":"https:\/\/linitiative.ca\/International\/wp-json\/wp\/v2\/posts"}],"about":[{"href":"https:\/\/linitiative.ca\/International\/wp-json\/wp\/v2\/types\/post"}],"author":[{"embeddable":true,"href":"https:\/\/linitiative.ca\/International\/wp-json\/wp\/v2\/users\/1744"}],"replies":[{"embeddable":true,"href":"https:\/\/linitiative.ca\/International\/wp-json\/wp\/v2\/comments?post=84296"}],"version-history":[{"count":0,"href":"https:\/\/linitiative.ca\/International\/wp-json\/wp\/v2\/posts\/84296\/revisions"}],"wp:attachment":[{"href":"https:\/\/linitiative.ca\/International\/wp-json\/wp\/v2\/media?parent=84296"}],"wp:term":[{"taxonomy":"category","embeddable":true,"href":"https:\/\/linitiative.ca\/International\/wp-json\/wp\/v2\/categories?post=84296"},{"taxonomy":"post_tag","embeddable":true,"href":"https:\/\/linitiative.ca\/International\/wp-json\/wp\/v2\/tags?post=84296"}],"curies":[{"name":"wp","href":"https:\/\/api.w.org\/{rel}","templated":true}]}}