{"id":84297,"date":"2020-05-04T15:18:52","date_gmt":"2020-05-04T19:18:52","guid":{"rendered":"https:\/\/linitiative.ca\/International\/ade-de-bechar-fin-de-fonctions-pour-le-directeur\/"},"modified":"2020-05-04T15:18:52","modified_gmt":"2020-05-04T19:18:52","slug":"ade-de-bechar-fin-de-fonctions-pour-le-directeur","status":"publish","type":"post","link":"https:\/\/linitiative.ca\/International\/ade-de-bechar-fin-de-fonctions-pour-le-directeur\/","title":{"rendered":"ADE de B\u00e9char :  Fin de fonctions pour le directeur"},"content":{"rendered":"<div class=\"TxArtcile\" readability=\"16\">\n<p>Le directeur de l\u2019unit\u00e9 ADE de B\u00e9char s&rsquo;est vu signifier la fin de ses fonctions.<br \/>Moins de 48 heures plus tard, les travailleurs expriment leur solidarit\u00e9 et leur soutien, jugeant cette d\u00e9cision \u00e9manant de la direction g\u00e9n\u00e9rale d\u2019\u00abarbitraire et incompr\u00e9hensible\u00bb, comme indiqu\u00e9 dans une p\u00e9tition de cent cinquante travailleurs de l\u2019unit\u00e9 de B\u00e9char \u00e0 laquelle sont rattach\u00e9es les annexes de B\u00e9ni-Ounif, Abadla et K\u00e9nadsa. Ils mettent en exergue les comp\u00e9tences de ce cadre, notamment dans la r\u00e9solution de nombreuses difficult\u00e9s financi\u00e8res et sociales.<br \/>Ils citent l\u2019acquittement des dettes de cette unit\u00e9 envers Sonelgaz et la CNAS, la r\u00e9gularisation de certaines primes des travailleurs non acquitt\u00e9es depuis 2017 et le versement des primes de d\u00e9part \u00e0 la retraite.<br \/>Ramdane Bezza<\/p>\n<\/div>\n<div class=\"ModliArtilUne\">\n<ul>\n<li><strong>Publi\u00e9 dans :<\/strong><\/li>\n<\/ul>\n<\/div>\n<div class=\"MbComIns\" id=\"newcom\" readability=\"5.6940298507463\">\n<h6>DONNEZ VOTRE AVIS<\/h6>\n<p>Il n&rsquo;y a actuellement aucune r\u00e9action \u00e0 cette information. Soyez le premier \u00e0 r\u00e9agir !<\/p>\n<p><a href=\"\" rel=\"#popup\" class=\"login resetbutton\">Identifiez-vous<\/a><a class=\"button\" href=\"http:\/\/www.elmoudjahid.com\/fr\/inscription\/\"><span>S&rsquo;inscrire<\/span><\/a><\/p>\n<\/div>\n<p>Auteur: elmoudjahid<br \/>\n<a href=\"http:\/\/www.elmoudjahid.com\/fr\/actualites\/152771\">Cliquez ici pour lire l&rsquo;article depuis sa source.<\/a><\/p>\n","protected":false},"excerpt":{"rendered":"<p>Le directeur de l\u2019unit\u00e9 ADE de B\u00e9char s&rsquo;est vu signifier la fin de ses fonctions.Moins de 48 heures plus tard, les travailleurs expriment leur solidarit\u00e9 et leur soutien, jugeant cette d\u00e9cision \u00e9manant de la direction g\u00e9n\u00e9rale d\u2019\u00abarbitraire et incompr\u00e9hensible\u00bb, comme indiqu\u00e9 dans une p\u00e9tition de cent cinquante travailleurs de l\u2019unit\u00e9 de B\u00e9char \u00e0 laquelle sont [&hellip;]<\/p>\n","protected":false},"author":1744,"featured_media":0,"comment_status":"closed","ping_status":"closed","sticky":false,"template":"","format":"standard","meta":{"fifu_image_url":"","fifu_image_alt":"","footnotes":""},"categories":[73,53],"tags":[],"class_list":["post-84297","post","type-post","status-publish","format-standard","hentry","category-actualite","category-algerie"],"_links":{"self":[{"href":"https:\/\/linitiative.ca\/International\/wp-json\/wp\/v2\/posts\/84297","targetHints":{"allow":["GET"]}}],"collection":[{"href":"https:\/\/linitiative.ca\/International\/wp-json\/wp\/v2\/posts"}],"about":[{"href":"https:\/\/linitiative.ca\/International\/wp-json\/wp\/v2\/types\/post"}],"author":[{"embeddable":true,"href":"https:\/\/linitiative.ca\/International\/wp-json\/wp\/v2\/users\/1744"}],"replies":[{"embeddable":true,"href":"https:\/\/linitiative.ca\/International\/wp-json\/wp\/v2\/comments?post=84297"}],"version-history":[{"count":0,"href":"https:\/\/linitiative.ca\/International\/wp-json\/wp\/v2\/posts\/84297\/revisions"}],"wp:attachment":[{"href":"https:\/\/linitiative.ca\/International\/wp-json\/wp\/v2\/media?parent=84297"}],"wp:term":[{"taxonomy":"category","embeddable":true,"href":"https:\/\/linitiative.ca\/International\/wp-json\/wp\/v2\/categories?post=84297"},{"taxonomy":"post_tag","embeddable":true,"href":"https:\/\/linitiative.ca\/International\/wp-json\/wp\/v2\/tags?post=84297"}],"curies":[{"name":"wp","href":"https:\/\/api.w.org\/{rel}","templated":true}]}}