{"id":84299,"date":"2020-05-04T15:18:58","date_gmt":"2020-05-04T19:18:58","guid":{"rendered":"https:\/\/linitiative.ca\/International\/deces-du-moudjahid-abdelkader-lamoudi-condoleances-du-president-de-la-republique-a-la-famille-du-defunt\/"},"modified":"2020-05-04T15:18:58","modified_gmt":"2020-05-04T19:18:58","slug":"deces-du-moudjahid-abdelkader-lamoudi-condoleances-du-president-de-la-republique-a-la-famille-du-defunt","status":"publish","type":"post","link":"https:\/\/linitiative.ca\/International\/deces-du-moudjahid-abdelkader-lamoudi-condoleances-du-president-de-la-republique-a-la-famille-du-defunt\/","title":{"rendered":"D\u00e9c\u00e8s du moudjahid Abdelkader Lamoudi  : condol\u00e9ances du pr\u00e9sident de la R\u00e9publique   \u00e0 la famille du d\u00e9funt"},"content":{"rendered":"<p>Le pr\u00e9sident de la R\u00e9publique, Abdelmadjid Tebboune a transmis un message de condol\u00e9ances \u00e0 la famille du moudjahid Abdelkader Lamoudi en indiquant que l&rsquo;Alg\u00e9rie perd un de ses valeureux enfants \u00ab\u00a0qui ont laiss\u00e9 son empreinte dans les pages de l&rsquo;histoire de notre pays\u00a0\u00bb.<br \/>\u00ab\u00a0Je suis pein\u00e9 apr\u00e8s avoir appris la nouvelle du d\u00e9c\u00e8s du moudjahid Abdelkader Lamoudi en ce mois b\u00e9ni\u00a0\u00bb, a \u00e9crit le pr\u00e9sident dans son message.<br \/>\u00ab\u00a0L&rsquo;Alg\u00e9rie perd un de ses valeureux enfants qui ont inscrit leur \u00e9pop\u00e9e dans les livres d&rsquo;histoire de notre pays car Dieu a dot\u00e9 l&rsquo;Alg\u00e9rie d\u2019une \u00e9lite qui a port\u00e9 les souffrances du peuple sous le joug du colonialisme pour prendre un chemin difficile menant vers l&rsquo;ind\u00e9pendance\u00a0\u00bb, a ajout\u00e9 le pr\u00e9sident.<br \/>Cette \u00e9lite, parmi laquelle se trouvait Abdelkader Lamoudi, a \u00e9t\u00e9 le noyau qui a d\u00e9clench\u00e9 la guerre de lib\u00e9ration et tous ont \u00e9t\u00e9 combl\u00e9s par les honneurs car ayant \u00e9t\u00e9 aux premiers rangs dans la lutte pour l&rsquo;ind\u00e9pendance de l&rsquo;Alg\u00e9rie et le recouvrement de son ind\u00e9pendance, a encore indiqu\u00e9 le pr\u00e9sident.<br \/>Le pr\u00e9sident a rappell\u00e9 que le d\u00e9funt a fait partie du PPA en 1943 et des Amis du manifeste o\u00f9 il a rencontr\u00e9 le chahid Larbi Ben Mhidi avant de devenir l&rsquo;un des responsable de l&rsquo;Organisation secr\u00e8te avec ses valeureux camarades dont Mohamed Boudiaf, Larbi Ben Mhidi et Didouche Mourad \u00e0 Constantine.<br \/>En ces moments douloureux, le pr\u00e9sident prie Dieu Le Tout Puissant de l&rsquo;accueillir en Son vaste paradis.<\/p>\n<p><strong>Le moudjahid Abdelkader Lamoudi n\u2019est plus<\/strong><br \/>Le moudjahid Abdelkader Lamoudi, membre du Groupe historique des 22, est d\u00e9c\u00e9d\u00e9, hier, \u00e0 l\u2019\u00e2ge de 95 ans, a-t-on appris aupr\u00e8s de ses proches. Le d\u00e9funt est l\u2019un des derniers membres du Groupe historique des 22 aux c\u00f4t\u00e9s du moudjahid Othmane Belouizdad. N\u00e9 en 1925 \u00e0 El-Oued, Abdelkader Lamoudi a rejoint les rangs du Parti du peuple alg\u00e9rien (PPA) en 1943, pour former une cellule secr\u00e8te du parti dans sa ville natale avec El-Hachemi Lounici, Benmiloudi Ahmed et Mohamed Belhadj. Le d\u00e9funt, qui a adh\u00e9r\u00e9 \u00e0 l\u2019organisation d\u00e8s sa cr\u00e9ation, activait entre El-Oued et Biskra, jusqu\u2019\u00e0 A\u00efn Touta \u00e0 Batna. Il \u00e9tait parmi les militants arr\u00eat\u00e9s le 1er novembre 1954 et fut lib\u00e9r\u00e9 au printemps 1955. Il retourne, par la suite, \u00e0 Alger en compagnie du chahid Si El-Haou\u00e8s, pour tenter de s\u2019engager dans la guerre de Lib\u00e9ration. Il fut arr\u00eat\u00e9, encore une fois, \u00e0 la fin de l\u2019ann\u00e9e 1955 et incarc\u00e9r\u00e9 \u00e0 la prison de Barberousse. Apr\u00e8s sa lib\u00e9ration, le d\u00e9funt a poursuivi son action r\u00e9volutionnaire au sein des cellules du Front de lib\u00e9ration nationale (FLN) jusqu\u2019\u00e0 l\u2019ind\u00e9pendance en 1962.<br \/>L\u2019enterrement aura lieu, aujourd&rsquo;hui au cimeti\u00e8re d\u2019El-Alia, \u00e0 Alger.<\/p>\n<p><strong>Condol\u00e9ances du ministre de la Communication<\/strong><\/p>\n<p>Suite au d\u00e9c\u00e8s du moudjahid Abdelkader Lamoudi, membre du Groupe historique des 22, le ministre de la Communication, porte-parole du gouvernement. Ammar Belhimer, tient \u00e0 pr\u00e9senter ses condol\u00e9ances les plus attrist\u00e9es \u00e0 la famille du d\u00e9funt qu\u2019il assure de toute sa compassion et de son soutien en cette douloureuse circonstance.\u00a0 \u00abC&rsquo;est avec tristesse que j&rsquo;ai re\u00e7u la nouvelle du d\u00e9c\u00e8s du moudjahid Abdelkader Lamoudi\u2019, a indiqu\u00e9 le ministre, dans un communiqu\u00e9. Dans ces circonstances douloureuses de disparition d&rsquo;un pilier de la R\u00e9volution, le ministre pr\u00e9sente ses sinc\u00e8res condol\u00e9ances \u00e0 la famille du d\u00e9funt et \u00e0 la famille r\u00e9volutionnaire, est-il mentionn\u00e9.\u00a0 Il prie Allah Tout-Puissant d\u2019agr\u00e9er le d\u00e9funt en Sa sainte mis\u00e9ricorde et de l\u2019accueillir en Son vaste paradis.<\/p>\n<p>Auteur: elmoudjahid<br \/>\n<a href=\"http:\/\/www.elmoudjahid.com\/fr\/actualites\/152773\">Cliquez ici pour lire l&rsquo;article depuis sa source.<\/a><\/p>\n","protected":false},"excerpt":{"rendered":"<p>Le pr\u00e9sident de la R\u00e9publique, Abdelmadjid Tebboune a transmis un message de condol\u00e9ances \u00e0 la famille du moudjahid Abdelkader Lamoudi en indiquant que l&rsquo;Alg\u00e9rie perd un de ses valeureux enfants \u00ab\u00a0qui ont laiss\u00e9 son empreinte dans les pages de l&rsquo;histoire de notre pays\u00a0\u00bb.\u00ab\u00a0Je suis pein\u00e9 apr\u00e8s avoir appris la nouvelle du d\u00e9c\u00e8s du moudjahid Abdelkader [&hellip;]<\/p>\n","protected":false},"author":1744,"featured_media":0,"comment_status":"closed","ping_status":"closed","sticky":false,"template":"","format":"standard","meta":{"fifu_image_url":"","fifu_image_alt":"","footnotes":""},"categories":[73,53],"tags":[],"class_list":["post-84299","post","type-post","status-publish","format-standard","hentry","category-actualite","category-algerie"],"_links":{"self":[{"href":"https:\/\/linitiative.ca\/International\/wp-json\/wp\/v2\/posts\/84299","targetHints":{"allow":["GET"]}}],"collection":[{"href":"https:\/\/linitiative.ca\/International\/wp-json\/wp\/v2\/posts"}],"about":[{"href":"https:\/\/linitiative.ca\/International\/wp-json\/wp\/v2\/types\/post"}],"author":[{"embeddable":true,"href":"https:\/\/linitiative.ca\/International\/wp-json\/wp\/v2\/users\/1744"}],"replies":[{"embeddable":true,"href":"https:\/\/linitiative.ca\/International\/wp-json\/wp\/v2\/comments?post=84299"}],"version-history":[{"count":0,"href":"https:\/\/linitiative.ca\/International\/wp-json\/wp\/v2\/posts\/84299\/revisions"}],"wp:attachment":[{"href":"https:\/\/linitiative.ca\/International\/wp-json\/wp\/v2\/media?parent=84299"}],"wp:term":[{"taxonomy":"category","embeddable":true,"href":"https:\/\/linitiative.ca\/International\/wp-json\/wp\/v2\/categories?post=84299"},{"taxonomy":"post_tag","embeddable":true,"href":"https:\/\/linitiative.ca\/International\/wp-json\/wp\/v2\/tags?post=84299"}],"curies":[{"name":"wp","href":"https:\/\/api.w.org\/{rel}","templated":true}]}}