{"id":84300,"date":"2020-05-04T15:19:00","date_gmt":"2020-05-04T19:19:00","guid":{"rendered":"https:\/\/linitiative.ca\/International\/cnes-vers-la-creation-du-prix-du-meilleur-article-en-matiere-economique-et-sociale\/"},"modified":"2020-05-04T15:19:00","modified_gmt":"2020-05-04T19:19:00","slug":"cnes-vers-la-creation-du-prix-du-meilleur-article-en-matiere-economique-et-sociale","status":"publish","type":"post","link":"https:\/\/linitiative.ca\/International\/cnes-vers-la-creation-du-prix-du-meilleur-article-en-matiere-economique-et-sociale\/","title":{"rendered":"CNES  : Vers la Cr\u00e9ation du Prix  du meilleur article en mati\u00e8re \u00e9conomique et sociale"},"content":{"rendered":"<div class=\"TxArtcile\" readability=\"32\">\n<p>Le Conseil national \u00e9conomique et social (CNES) a f\u00e9licit\u00e9 les journalistes et les travailleurs du secteur, \u00e0 l&rsquo;occasion de la Journ\u00e9e mondiale de la libert\u00e9 de la presse, a indiqu\u00e9 dimanche un communiqu\u00e9 du Conseil.<br \/>\u00ab\u00c0 l&rsquo;occasion de la Journ\u00e9e mondiale de la libert\u00e9 de la presse, le Conseil national \u00e9conomique et social (CNES), \u00e0 la t\u00eate duquel son pr\u00e9sident, f\u00e9licite tous les m\u00e9dias \u00e9crits, audiovisuels et num\u00e9riques\u00bb,<br \/>lit-on dans le communiqu\u00e9. \u00abJe salue le r\u00f4le des journalistes, dans toutes ses dimensions et sp\u00e9cialisations, dans l&rsquo;aide qu&rsquo;ils apportent et les efforts qu&rsquo;ils consentent afin de construire une soci\u00e9t\u00e9 de prosp\u00e9rit\u00e9 et de d\u00e9veloppement pour tous, en cristallisant et en pr\u00e9sentant l&rsquo;information document\u00e9e, cr\u00e9dible et responsable, ainsi que des visions \u00e9clair\u00e9es\u00bb, a poursuivi la source.<br \/>Et d&rsquo;ajouter : \u00abLe r\u00f4le du journaliste ne consiste pas uniquement \u00e0 rapporter l&rsquo;information, mais plut\u00f4t \u00e0 \u00eatre un partenaire tr\u00e8s important dans tous les processus du d\u00e9veloppement national, \u00e0 travers ses \u00e9crits et ses interventions qui peuvent comporter davantage d&rsquo;approches, sur lesquelles les d\u00e9cideurs peuvent s&rsquo;appuyer \u00e0 l&rsquo;effet de tracer les contours du d\u00e9veloppement national, toutes formes confondues.\u00bb<br \/>Par ailleurs, le conseil a fait \u00e9tat de ses pr\u00e9paratifs pour la cr\u00e9ation, \u00e0 l&rsquo;avenir, d&rsquo;un \u00abPrix du meilleur article en mati\u00e8re \u00e9conomique et social\u00bb, dans le but de promouvoir et de renforcer les m\u00e9dias sp\u00e9cialis\u00e9s, ajoutant qu&rsquo;\u00abun comit\u00e9 sp\u00e9cialis\u00e9 compos\u00e9 d&rsquo;experts du conseil se chargera de l&rsquo;organisation de ce prix\u00bb.<\/p>\n<\/div>\n<div class=\"ModliArtilUne\">\n<ul>\n<li><strong>Publi\u00e9 dans :<\/strong><\/li>\n<\/ul>\n<\/div>\n<div class=\"MbComIns\" id=\"newcom\" readability=\"5.6940298507463\">\n<h6>DONNEZ VOTRE AVIS<\/h6>\n<p>Il n&rsquo;y a actuellement aucune r\u00e9action \u00e0 cette information. Soyez le premier \u00e0 r\u00e9agir !<\/p>\n<p><a href=\"\" rel=\"#popup\" class=\"login resetbutton\">Identifiez-vous<\/a><a class=\"button\" href=\"http:\/\/www.elmoudjahid.com\/fr\/inscription\/\"><span>S&rsquo;inscrire<\/span><\/a><\/p>\n<\/div>\n<p>Auteur: elmoudjahid<br \/>\n<a href=\"http:\/\/www.elmoudjahid.com\/fr\/actualites\/152774\">Cliquez ici pour lire l&rsquo;article depuis sa source.<\/a><\/p>\n","protected":false},"excerpt":{"rendered":"<p>Le Conseil national \u00e9conomique et social (CNES) a f\u00e9licit\u00e9 les journalistes et les travailleurs du secteur, \u00e0 l&rsquo;occasion de la Journ\u00e9e mondiale de la libert\u00e9 de la presse, a indiqu\u00e9 dimanche un communiqu\u00e9 du Conseil.\u00ab\u00c0 l&rsquo;occasion de la Journ\u00e9e mondiale de la libert\u00e9 de la presse, le Conseil national \u00e9conomique et social (CNES), \u00e0 la [&hellip;]<\/p>\n","protected":false},"author":1744,"featured_media":0,"comment_status":"closed","ping_status":"closed","sticky":false,"template":"","format":"standard","meta":{"fifu_image_url":"","fifu_image_alt":"","footnotes":""},"categories":[73,53],"tags":[],"class_list":["post-84300","post","type-post","status-publish","format-standard","hentry","category-actualite","category-algerie"],"_links":{"self":[{"href":"https:\/\/linitiative.ca\/International\/wp-json\/wp\/v2\/posts\/84300","targetHints":{"allow":["GET"]}}],"collection":[{"href":"https:\/\/linitiative.ca\/International\/wp-json\/wp\/v2\/posts"}],"about":[{"href":"https:\/\/linitiative.ca\/International\/wp-json\/wp\/v2\/types\/post"}],"author":[{"embeddable":true,"href":"https:\/\/linitiative.ca\/International\/wp-json\/wp\/v2\/users\/1744"}],"replies":[{"embeddable":true,"href":"https:\/\/linitiative.ca\/International\/wp-json\/wp\/v2\/comments?post=84300"}],"version-history":[{"count":0,"href":"https:\/\/linitiative.ca\/International\/wp-json\/wp\/v2\/posts\/84300\/revisions"}],"wp:attachment":[{"href":"https:\/\/linitiative.ca\/International\/wp-json\/wp\/v2\/media?parent=84300"}],"wp:term":[{"taxonomy":"category","embeddable":true,"href":"https:\/\/linitiative.ca\/International\/wp-json\/wp\/v2\/categories?post=84300"},{"taxonomy":"post_tag","embeddable":true,"href":"https:\/\/linitiative.ca\/International\/wp-json\/wp\/v2\/tags?post=84300"}],"curies":[{"name":"wp","href":"https:\/\/api.w.org\/{rel}","templated":true}]}}