{"id":84301,"date":"2020-05-04T06:16:53","date_gmt":"2020-05-04T10:16:53","guid":{"rendered":"https:\/\/linitiative.ca\/International\/104685-covid19-natation-les-mondiaux-2021-decales-a-mai-2022\/"},"modified":"2020-05-04T06:16:53","modified_gmt":"2020-05-04T10:16:53","slug":"104685-covid19-natation-les-mondiaux-2021-decales-a-mai-2022","status":"publish","type":"post","link":"https:\/\/linitiative.ca\/International\/104685-covid19-natation-les-mondiaux-2021-decales-a-mai-2022\/","title":{"rendered":"Covid19-Natation: les Mondiaux-2021 d\u00e9cal\u00e9s \u00e0 mai 2022"},"content":{"rendered":"<p><span class=\"sp-nh-title\">D\u00e9c\u00e8s du moudjahid Lamoudi: Le Pr\u00e9sident Tebboune adresse ses condol\u00e9ances \u00e0 la famille<\/span> &#8211; <span class=\"sp-nh-date\">lundi 4 mai 2020 18:41<\/span><\/p>\n<p><span class=\"sp-nh-title\">Le pr\u00e9sident palestinien appelle \u00e0 une conf\u00e9rence internationale pour la paix<\/span> &#8211; <span class=\"sp-nh-date\">lundi 4 mai 2020 18:39<\/span><\/p>\n<p><span class=\"sp-nh-title\">Agriculture: vers une application facilitant le choix des cultures strat\u00e9giques<\/span> &#8211; <span class=\"sp-nh-date\">lundi 4 mai 2020 18:14<\/span><\/p>\n<p><span class=\"sp-nh-title\">Le minist\u00e8re de l&rsquo;Education d\u00e9ment la r\u00e9siliation des contrats des contractuels<\/span> &#8211; <span class=\"sp-nh-date\">lundi 4 mai 2020 17:52<\/span><\/p>\n<p><span class=\"sp-nh-title\">Opportunit\u00e9s d&rsquo;investissement prometteuses pour les hommes d\u2019affaires arabes<\/span> &#8211; <span class=\"sp-nh-date\">lundi 4 mai 2020 17:41<\/span><\/p>\n<p><span class=\"sp-nh-title\">Abdelmadjid Tebboune a pris part aux travaux du Sommet virtuel du Mouvement des Pays Non-align\u00e9s<\/span> &#8211; <span class=\"sp-nh-date\">lundi 4 mai 2020 17:36<\/span><\/p>\n<p><span class=\"sp-nh-title\">Covid-19: hygi\u00e8ne des mains, une mesure pr\u00e9ventive essentielle contre le virus<\/span> &#8211; <span class=\"sp-nh-date\">lundi 4 mai 2020 17:16<\/span><\/p>\n<p><span class=\"sp-nh-title\">Coronavirus : 174 nouveaux cas confirm\u00e9s et 2 nouveaux d\u00e9c\u00e8s en Alg\u00e9rie<\/span> &#8211; <span class=\"sp-nh-date\">lundi 4 mai 2020 17:04<\/span><\/p>\n<p><span class=\"sp-nh-title\">Le moudjahid Abdelkader Lamoudi n&rsquo;est plus<\/span> &#8211; <span class=\"sp-nh-date\">lundi 4 mai 2020 17:00<\/span><\/p>\n<p><span class=\"sp-nh-title\">Les horaires de l&rsquo;appel \u00e0 la pri\u00e8re sont exacts aux plans astrologique et religieux<\/span> &#8211; <span class=\"sp-nh-date\">lundi 4 mai 2020 16:31<\/span><\/p>\n<p><span class=\"sp-nh-title\">La Radio nationale distingue les corps constitu\u00e9s pour leur contribution \u00e0 la transmission du message m\u00e9diatique cibl\u00e9<\/span> &#8211; <span class=\"sp-nh-date\">lundi 4 mai 2020 16:28<\/span><\/p>\n<p><span class=\"sp-nh-title\">Mise en place de m\u00e9canismes urgents pour la prise en charge des cat\u00e9gories vuln\u00e9rables\u00a0<\/span> &#8211; <span class=\"sp-nh-date\">lundi 4 mai 2020 16:19<\/span><\/p>\n<p><span class=\"sp-nh-title\">Chanegriha: le professionnalisme est le crit\u00e8re d&rsquo;\u00e9valuation pour se hisser aux plus hauts rangs\u00a0<\/span> &#8211; <span class=\"sp-nh-date\">lundi 4 mai 2020 16:04<\/span><\/p>\n<p><span class=\"sp-nh-title\">Covid-19: les mesures de pr\u00e9vention sont appliqu\u00e9es pour pr\u00e9munir nos Forces<\/span> &#8211; <span class=\"sp-nh-date\">lundi 4 mai 2020 15:57<\/span><\/p>\n<p><span class=\"sp-nh-title\">Quatre nouveaux d\u00e9crets pour soutenir l\u2019industrie pharmaceutique locale \u00a0<\/span> &#8211; <span class=\"sp-nh-date\">lundi 4 mai 2020 15:37<\/span><\/p>\n<p><span class=\"sp-nh-title\">Sommet des Non-align\u00e9s: Le Pr\u00e9sident Tebboune appelle \u00e0 l&rsquo; arr\u00eat imm\u00e9diat des hostilit\u00e9s \u00e0 travers le monde<\/span> &#8211; <span class=\"sp-nh-date\">lundi 4 mai 2020 15:12<\/span><\/p>\n<p><span class=\"sp-nh-title\">Sommet virtuel des Non-align\u00e9s : Allocution du Pr\u00e9sident Tebboune\u00a0<\/span> &#8211; <span class=\"sp-nh-date\">lundi 4 mai 2020 15:07<\/span><\/p>\n<p><span class=\"sp-nh-title\">Paralympiques-2020: la qualification des s\u00e9lections alg\u00e9riennes de goal-ball valid\u00e9e par l&rsquo;IPC<\/span> &#8211; <span class=\"sp-nh-date\">lundi 4 mai 2020 14:19<\/span><\/p>\n<p><span class=\"sp-nh-title\">Le Conseil d\u2019Etat d\u00e9cide de reporter sine die les audiences pr\u00e9vues les 7 et 14 mai<\/span> &#8211; <span class=\"sp-nh-date\">lundi 4 mai 2020 14:10<\/span><\/p>\n<p><span class=\"sp-nh-title\">Covid-19 : le d\u00e9confinement enclench\u00e9 dans une quinzaine de pays europ\u00e9ens<\/span> &#8211; <span class=\"sp-nh-date\">lundi 4 mai 2020 13:55<\/span><\/p>\n<p>Auteur:<br \/>\n<a href=\"http:\/\/www.aps.dz\/sport\/104685-covid19-natation-les-mondiaux-2021-decales-a-mai-2022?utm_source=feedburner&#038;utm_medium=feed&#038;utm_campaign=Feed%3A+aps-sport+%28APS+-+SPORT%29\">Cliquez ici pour lire l&rsquo;article depuis sa source.<\/a><\/p>\n","protected":false},"excerpt":{"rendered":"<p>D\u00e9c\u00e8s du moudjahid Lamoudi: Le Pr\u00e9sident Tebboune adresse ses condol\u00e9ances \u00e0 la famille &#8211; lundi 4 mai 2020 18:41 Le pr\u00e9sident palestinien appelle \u00e0 une conf\u00e9rence internationale pour la paix &#8211; lundi 4 mai 2020 18:39 Agriculture: vers une application facilitant le choix des cultures strat\u00e9giques &#8211; lundi 4 mai 2020 18:14 Le minist\u00e8re de [&hellip;]<\/p>\n","protected":false},"author":1790,"featured_media":0,"comment_status":"closed","ping_status":"closed","sticky":false,"template":"","format":"standard","meta":{"fifu_image_url":"","fifu_image_alt":"","footnotes":""},"categories":[53,75],"tags":[],"class_list":["post-84301","post","type-post","status-publish","format-standard","hentry","category-algerie","category-sport"],"_links":{"self":[{"href":"https:\/\/linitiative.ca\/International\/wp-json\/wp\/v2\/posts\/84301","targetHints":{"allow":["GET"]}}],"collection":[{"href":"https:\/\/linitiative.ca\/International\/wp-json\/wp\/v2\/posts"}],"about":[{"href":"https:\/\/linitiative.ca\/International\/wp-json\/wp\/v2\/types\/post"}],"author":[{"embeddable":true,"href":"https:\/\/linitiative.ca\/International\/wp-json\/wp\/v2\/users\/1790"}],"replies":[{"embeddable":true,"href":"https:\/\/linitiative.ca\/International\/wp-json\/wp\/v2\/comments?post=84301"}],"version-history":[{"count":0,"href":"https:\/\/linitiative.ca\/International\/wp-json\/wp\/v2\/posts\/84301\/revisions"}],"wp:attachment":[{"href":"https:\/\/linitiative.ca\/International\/wp-json\/wp\/v2\/media?parent=84301"}],"wp:term":[{"taxonomy":"category","embeddable":true,"href":"https:\/\/linitiative.ca\/International\/wp-json\/wp\/v2\/categories?post=84301"},{"taxonomy":"post_tag","embeddable":true,"href":"https:\/\/linitiative.ca\/International\/wp-json\/wp\/v2\/tags?post=84301"}],"curies":[{"name":"wp","href":"https:\/\/api.w.org\/{rel}","templated":true}]}}