{"id":84306,"date":"2020-05-04T13:53:00","date_gmt":"2020-05-04T17:53:00","guid":{"rendered":"https:\/\/linitiative.ca\/International\/annee-scolaire-2019-2020-une-commission-ministerielle-tranchera-sur-la-question\/"},"modified":"2020-05-04T13:53:00","modified_gmt":"2020-05-04T17:53:00","slug":"annee-scolaire-2019-2020-une-commission-ministerielle-tranchera-sur-la-question","status":"publish","type":"post","link":"https:\/\/linitiative.ca\/International\/annee-scolaire-2019-2020-une-commission-ministerielle-tranchera-sur-la-question\/","title":{"rendered":"ANNEE SCOLAIRE 2019-2020  : Une commission minist\u00e9rielle tranchera sur la question"},"content":{"rendered":"<p><br id=\"sep_para_1\" class=\"sep_para access\"\/><\/p>\n<div id=\"para_1\" class=\"para_36790012 resize\">\n<div class=\"texte access firstletter\">Le Conseil des ministres a d\u00e9cid\u00e9 de former une commission pr\u00e9sid\u00e9e par le Premier ministre \u00e0 laquelle sera d\u00e9volue la mission de formuler les propositions n\u00e9cessaires pour finir l&rsquo;ann\u00e9e scolaire en cours, la d\u00e9cision d\u00e9finitive devant \u00eatre prise dimanche prochain en Conseil des ministres. \u00ab\u00a0Le Conseil des ministres a d\u00e9cid\u00e9 apr\u00e8s un d\u00e9bat approfondi de former une commission pr\u00e9sid\u00e9e par le Premier ministre et compos\u00e9e des ministres de l&rsquo;Education nationale, de l&rsquo;Enseignement sup\u00e9rieur et de la recherche scientifique, et de la Formation et de l&rsquo;enseignement professionnels, laquelle se chargera de formuler les propositions n\u00e9cessaires pour finir l&rsquo;ann\u00e9e scolaire au mieux des int\u00e9r\u00eats des \u00e9l\u00e8ves et \u00e9tudiants\u00a0\u00bb, lit-on dans le communiqu\u00e9 sanctionnant la r\u00e9union du Conseil des ministres. \u00ab\u00a0La d\u00e9cision d\u00e9finitive sera prise dimanche prochain en Conseil des ministres\u00a0\u00bb, a conclu la m\u00eame source.\u00a0\u00a0\u00a0\u00a0<\/div>\n<\/div>\n<p>Auteur: Ismain<br \/>\n<a href=\"https:\/\/www.reflexiondz.net\/ANNEE-SCOLAIRE-2019-2020-Une-commission-ministerielle-tranchera-sur-la-question_a62490.html\">Cliquez ici pour lire l&rsquo;article depuis sa source.<\/a><\/p>\n","protected":false},"excerpt":{"rendered":"<p>Le Conseil des ministres a d\u00e9cid\u00e9 de former une commission pr\u00e9sid\u00e9e par le Premier ministre \u00e0 laquelle sera d\u00e9volue la mission de formuler les propositions n\u00e9cessaires pour finir l&rsquo;ann\u00e9e scolaire en cours, la d\u00e9cision d\u00e9finitive devant \u00eatre prise dimanche prochain en Conseil des ministres. \u00ab\u00a0Le Conseil des ministres a d\u00e9cid\u00e9 apr\u00e8s un d\u00e9bat approfondi de [&hellip;]<\/p>\n","protected":false},"author":1740,"featured_media":0,"comment_status":"closed","ping_status":"closed","sticky":false,"template":"","format":"standard","meta":{"fifu_image_url":"","fifu_image_alt":"","footnotes":""},"categories":[53,76],"tags":[],"class_list":["post-84306","post","type-post","status-publish","format-standard","hentry","category-algerie","category-regions"],"_links":{"self":[{"href":"https:\/\/linitiative.ca\/International\/wp-json\/wp\/v2\/posts\/84306","targetHints":{"allow":["GET"]}}],"collection":[{"href":"https:\/\/linitiative.ca\/International\/wp-json\/wp\/v2\/posts"}],"about":[{"href":"https:\/\/linitiative.ca\/International\/wp-json\/wp\/v2\/types\/post"}],"author":[{"embeddable":true,"href":"https:\/\/linitiative.ca\/International\/wp-json\/wp\/v2\/users\/1740"}],"replies":[{"embeddable":true,"href":"https:\/\/linitiative.ca\/International\/wp-json\/wp\/v2\/comments?post=84306"}],"version-history":[{"count":0,"href":"https:\/\/linitiative.ca\/International\/wp-json\/wp\/v2\/posts\/84306\/revisions"}],"wp:attachment":[{"href":"https:\/\/linitiative.ca\/International\/wp-json\/wp\/v2\/media?parent=84306"}],"wp:term":[{"taxonomy":"category","embeddable":true,"href":"https:\/\/linitiative.ca\/International\/wp-json\/wp\/v2\/categories?post=84306"},{"taxonomy":"post_tag","embeddable":true,"href":"https:\/\/linitiative.ca\/International\/wp-json\/wp\/v2\/tags?post=84306"}],"curies":[{"name":"wp","href":"https:\/\/api.w.org\/{rel}","templated":true}]}}