{"id":84314,"date":"2020-05-04T07:00:00","date_gmt":"2020-05-04T11:00:00","guid":{"rendered":"https:\/\/linitiative.ca\/International\/nizar-yaiche-le-soutien-a-lentreprise-doit-sintensifier\/"},"modified":"2020-05-04T07:00:00","modified_gmt":"2020-05-04T11:00:00","slug":"nizar-yaiche-le-soutien-a-lentreprise-doit-sintensifier","status":"publish","type":"post","link":"https:\/\/linitiative.ca\/International\/nizar-yaiche-le-soutien-a-lentreprise-doit-sintensifier\/","title":{"rendered":"Nizar Ya\u00efche: Le soutien \u00e0 l\u2019entreprise doit s\u2019intensifier"},"content":{"rendered":"<p><span class=\"c3\"><span class=\"c2\"><strong>Les mesures sont-elles suffisantes? Avez-vous pr\u00e9vu une nouvelle vague?<\/strong><\/span><\/span><\/p>\n<p>Les retours sont bons. Comme une premi\u00e8re vague, rapidement engag\u00e9e dix jours seulement apr\u00e8s le d\u00e9clenchement significatif de la pand\u00e9mie en Tunisie. Mais, ce n\u2019est pas suffisant. On planche actuellement sur une vague 2. Elle ne tardera pas \u00e0 \u00eatre annonc\u00e9e.<\/p>\n<p><span class=\"c3\"><span class=\"c2\"><strong>La garantie de l\u2019\u00c9tat des pr\u00eats en faveur des entreprises est plafonn\u00e9e \u00e0 500 millions de dinars. Ne pouvez-vous pas consentir des montants plus significatifs d\u2019au moins 5 milliards de dinars ?<\/strong><\/span><\/span><\/p>\n<p>C\u2019est imp\u00e9ratif. Une mont\u00e9e en puissance est indispensable, dans des limites raisonnables \u00e0 revoir, selon les besoins. L\u2019enveloppe initiale de 500 millions de dinars d\u00e9j\u00e0 engag\u00e9e sera augment\u00e9e substantiellement.<\/p>\n<p><span class=\"c2\"><span class=\"c3\"><strong>Le remboursement du cr\u00e9dit d\u2019imp\u00f4ts sera-t-il facilit\u00e9 et acc\u00e9l\u00e9r\u00e9?<\/strong><\/span><\/span><\/p>\n<p>Il a d\u00e9j\u00e0 commenc\u00e9. La commission cr\u00e9\u00e9e \u00e0 cet effet a autoris\u00e9 la restitution, rien que durant les deux derni\u00e8res semaines, de plus de 52 millions de dinars. Cet effort se poursuivra et s\u2019intensifiera.<\/p>\n<p><span class=\"c2\"><span class=\"c3\"><strong>Quelle est l\u2019ampleur des d\u00e9g\u00e2ts subis par les entreprises publiques, notamment Tunisair, la CTN, la Sncft\u2026?<\/strong><\/span><\/span><\/p>\n<p>C\u2019est un vaste sujet et un dossier tr\u00e8s important. Surtout lorsqu\u2019il s\u2019agit de trouver les solutions ad\u00e9quates \u00e0 chaque cas. A lui seul, ce chapitre m\u00e9rite un long entretien, lorsque nous aurons finalis\u00e9 notre approche \u00e0 son sujet.<\/p>\n<p><strong>Lire aussi<\/strong><\/p>\n<p><a href=\"https:\/\/www.leaders.com.tn\/article\/29829-exclusif-nizar-yaiche-comment-maintenir-la-tunisie-a-flot\" target=\"_blank\" rel=\"noopener noreferrer\">Exclusif &#8211; Nizar Ya\u00efche: Comment maintenir la Tunisie \u00e0 flot<\/a><\/p>\n<p>Auteur:<br \/>\n<a href=\"https:\/\/www.leaders.com.tn\/article\/29834-nizar-yaiche-le-soutien-a-l-entreprise-doit-s-intensifier\">Cliquez ici pour lire l&rsquo;article depuis sa source.<\/a><\/p>\n","protected":false},"excerpt":{"rendered":"<p>Les mesures sont-elles suffisantes? Avez-vous pr\u00e9vu une nouvelle vague? Les retours sont bons. Comme une premi\u00e8re vague, rapidement engag\u00e9e dix jours seulement apr\u00e8s le d\u00e9clenchement significatif de la pand\u00e9mie en Tunisie. Mais, ce n\u2019est pas suffisant. On planche actuellement sur une vague 2. Elle ne tardera pas \u00e0 \u00eatre annonc\u00e9e. La garantie de l\u2019\u00c9tat des [&hellip;]<\/p>\n","protected":false},"author":1772,"featured_media":0,"comment_status":"closed","ping_status":"closed","sticky":false,"template":"","format":"standard","meta":{"fifu_image_url":"","fifu_image_alt":"","footnotes":""},"categories":[73,55],"tags":[],"class_list":["post-84314","post","type-post","status-publish","format-standard","hentry","category-actualite","category-tunisie"],"_links":{"self":[{"href":"https:\/\/linitiative.ca\/International\/wp-json\/wp\/v2\/posts\/84314","targetHints":{"allow":["GET"]}}],"collection":[{"href":"https:\/\/linitiative.ca\/International\/wp-json\/wp\/v2\/posts"}],"about":[{"href":"https:\/\/linitiative.ca\/International\/wp-json\/wp\/v2\/types\/post"}],"author":[{"embeddable":true,"href":"https:\/\/linitiative.ca\/International\/wp-json\/wp\/v2\/users\/1772"}],"replies":[{"embeddable":true,"href":"https:\/\/linitiative.ca\/International\/wp-json\/wp\/v2\/comments?post=84314"}],"version-history":[{"count":0,"href":"https:\/\/linitiative.ca\/International\/wp-json\/wp\/v2\/posts\/84314\/revisions"}],"wp:attachment":[{"href":"https:\/\/linitiative.ca\/International\/wp-json\/wp\/v2\/media?parent=84314"}],"wp:term":[{"taxonomy":"category","embeddable":true,"href":"https:\/\/linitiative.ca\/International\/wp-json\/wp\/v2\/categories?post=84314"},{"taxonomy":"post_tag","embeddable":true,"href":"https:\/\/linitiative.ca\/International\/wp-json\/wp\/v2\/tags?post=84314"}],"curies":[{"name":"wp","href":"https:\/\/api.w.org\/{rel}","templated":true}]}}