{"id":84315,"date":"2020-05-04T08:10:00","date_gmt":"2020-05-04T12:10:00","guid":{"rendered":"https:\/\/linitiative.ca\/International\/mhamed-ali-souissi-covid-19-nous-et-les-gnous\/"},"modified":"2020-05-04T08:10:00","modified_gmt":"2020-05-04T12:10:00","slug":"mhamed-ali-souissi-covid-19-nous-et-les-gnous","status":"publish","type":"post","link":"https:\/\/linitiative.ca\/International\/mhamed-ali-souissi-covid-19-nous-et-les-gnous\/","title":{"rendered":"Mhamed Ali Souissi &#8211; Covid-19 : Nous et les gnous"},"content":{"rendered":"<p><span class=\"c2\"><strong>Par Mhamed Ali Souissi,<\/strong><\/span> <strong><em>ing\u00e9nieur des Ponts et Chauss\u00e9e, ancien ministre &#8211;<\/em><\/strong> Au d\u00e9but de l\u2019\u00e9pid\u00e9mie du Covid-19, le nombre de morts en Tunisie \u00e9tait heureusement tr\u00e8s faible. Je me suis alors pos\u00e9 la question pourquoi tant d\u2019effroi, tant de prudence, d\u2019appr\u00e9hension, d\u2019alarme\u00a0? Au moment o\u00f9 j\u2019\u00e9cris ces lignes, et au bout de deux mois d\u2019\u00e9pid\u00e9mie et de 6 semaines de confinement, (soit une vraie quarantaine), notre pays n\u2019a enregistr\u00e9 que moins de 50 d\u00e9c\u00e8s, alors que la grippe saisonni\u00e8re et les accidents de la route font respectivement plus d\u2019un millier de morts par an. A telle enseigne qu\u2019un chroniqueur tunisien a parl\u00e9 de \u2018\u2019Covidette\u2019\u2019.<\/p>\n<p>L\u2019h\u00e9catombe qui a eu lieu dans certains pays europ\u00e9ens tr\u00e8s proches de nous et aux USA, a transform\u00e9 mon d\u00e9ni en profonde inqui\u00e9tude.<\/p>\n<p>L\u2019illusion d\u2019invuln\u00e9rabilit\u00e9 s\u2019est brutalement transform\u00e9e en un profond sentiment de pr\u00e9carit\u00e9 existentielle.<\/p>\n<p>Le probl\u00e8me, avec ce virus, est qu\u2019il est compl\u00e8tement nouveau et que nous n\u2019avons aucune id\u00e9e, contrairement \u00e0 la grippe ou aux accidents de la route, du nombre de morts qu\u2019il est susceptible de causer. Me sont, alors, revenus \u00e0 l\u2019esprit la longue s\u00e9rie d\u2019\u00e9pid\u00e9mies rapport\u00e9es par les historiens et qui ont d\u00e9vast\u00e9 la plan\u00e8te : la peste d\u2019Ath\u00e8nes au si\u00e8cle de P\u00e9ricl\u00e8s, la peste de Justinien, celle dite de Florence \u00e0 la Renaissance, celle de Marseille au d\u00e9but du r\u00e8gne de Louis XV, la grippe dite espagnole, il y a un si\u00e8cle, qui a provoqu\u00e9, parait-il cinquante millions de morts, dont deux cents mille rien qu\u2019en France\u2026etc.<\/p>\n<p>M\u2019est aussi revenue \u00e0 l\u2019esprit la disparition des dinosaures et les centaines d\u2019esp\u00e8ces menac\u00e9es par les temps pr\u00e9sents.<\/p>\n<p>Certes l\u2019esp\u00e8ce humaine n\u2019est pas \u00e9ternelle. Sa disparition est in\u00e9luctable et pourrait \u00eatre due, \u00e0 part un conflit nucl\u00e9aire g\u00e9n\u00e9ralis\u00e9, \u00e0 de graves \u00e9v\u00e9nements apocalyptiques ou cosmiques\u00a0: tsunami, tremblement de terre plan\u00e9taire, \u00e9ruptions volcaniques g\u00e9n\u00e9rales, chute d\u2019une \u00e9norme m\u00e9t\u00e9orite, extinction du soleil, etc. Brutalement, on prend conscience que l\u2019humanit\u00e9 n\u2019est pas \u00e0 l\u2019abri d\u2019une menace mortelle provenant d\u2019un organisme qui n\u2019est visible qu\u2019au microscope \u00e9lectronique.<\/p>\n<h2>Le Samu n\u2019est pas venu!<\/h2>\n<p>Un camarade de promotion (1962) de l\u2019Ecole Nationale des Ponts et Chauss\u00e9es (Paris), \u00e2g\u00e9 de 82 ans comme moi, juif d\u2019origine marocaine et r\u00e9sidant \u00e0 Paris a attrap\u00e9, au mois de mars dernier, le Covid-19 sous sa forme la plus dangereuse. Quand les sympt\u00f4mes de la d\u00e9tresse respiratoire aig\u00fce ont commenc\u00e9 \u00e0 se manifester, sa femme t\u00e9l\u00e9phona au Samu. Parmi les questions habituelles que cet organisme pose avant d\u2019intervenir, celle qui a trait \u00e0 l\u2019\u00e2ge du malade.<\/p>\n<p>Le Samu n\u2019est pas venu. Et mon camarade est d\u00e9c\u00e9d\u00e9 chez lui\u2026.<\/p>\n<p>Ce ne sont pas uniquement les m\u00e9decins italiens de Lombardie qui ont eu \u00e0 faire des choix dramatiques, quand le nombre de cas tr\u00e8s graves a d\u00e9pass\u00e9 leurs capacit\u00e9s d\u2019accueil en r\u00e9animation et soins intensifs.<\/p>\n<p>Je crois qu\u2019une assistance psychologique devrait \u00eatre pr\u00e9vue, pour le personnel m\u00e9dical, quand la pand\u00e9mie sera derri\u00e8re nous (<a href=\"https:\/\/www.lemonde.fr\/sante\/video\/2020\/04\/17\/coronavirus-qui-faut-il-sauver-quand-on-ne-peut-pas-soigner-tout-le-monde_6036879_1651302.html\" target=\"_blank\" rel=\"noopener noreferrer\">voir<\/a>).<\/p>\n<p>La France et l\u2019Angleterre ont longtemps omis les d\u00e9c\u00e8s dans les Ehpad (\u00c9tablissements pour H\u00e9bergement des Personnes \u00c2g\u00e9es D\u00e9pendantes)\u00a0; il faudrait \u00e9galement recenser les victimes du Covid-19 d\u00e9c\u00e9d\u00e9es chez elles, sans \u00eatre notifi\u00e9es en tant que tel. Le bilan affich\u00e9 par les autorit\u00e9s, comme partout, risque d\u2019\u00eatre largement d\u00e9pass\u00e9.<\/p>\n<h2>Les gnous du S\u00e9rengeti<\/h2>\n<p>Dans la r\u00e9serve du S\u00e9rengeti (Tanzanie) vivent des millions de gnous qui doivent, selon les saisons, se d\u00e9placer du nord au sud, \u00e0 la recherche du p\u00e2turage. Pour cela, ils doivent traverser la rivi\u00e8re Mara, dont les rives sont tr\u00e8s escarp\u00e9es et qui plus est, est infest\u00e9e de crocodiles. Les documentaires animaliers nous montrent l\u2019h\u00e9catombe que subissent les gnous au cours de cette travers\u00e9e obligatoire pendant laquelle les jeunes, les plus faibles ou les plus malchanceux n\u2019atteignent gu\u00e8re l\u2019autre rive. (<a href=\"https:\/\/www.youtube.com\/watch?v=Q_W0yPTS25g\" target=\"_blank\" rel=\"noopener noreferrer\">voir<\/a>) L\u2019instinct de conservation de l\u2019\u00eatre vivant semble le pousser \u00e0 sacrifier une partie de ses cong\u00e9n\u00e8res pour sauver l\u2019esp\u00e8ce.<\/p>\n<p>L\u2019humanit\u00e9 sera-t-elle condamn\u00e9e \u00e0 agir comme les gnous du S\u00e9rengeti pour esp\u00e9rer se perp\u00e9tuer\u00a0?<\/p>\n<p>La plan\u00e8te Terre vient d&rsquo;infliger \u00e0 toute l&rsquo;humanit\u00e9, par un de ses agents les plus minuscules, une rude \u00e9preuve qui a assomm\u00e9 le monde entier et sem\u00e9 partout panique et d\u00e9sarroi. Elle a voulu probablement nous signifier qu\u2019elle se porterait beaucoup mieux sans nous. Nous qui l&rsquo;avons exploit\u00e9e sans vergogne, nous qui avons d\u00e9truit ses for\u00eats, menac\u00e9 son \u00e9cosyst\u00e8me, pill\u00e9 ses richesses, pollu\u00e9 tout l\u2019environnement&#8230;<\/p>\n<p>Certes, l\u2019esp\u00e8ce humaine n\u2019est pas \u00e9ternelle, mais cela parait d\u2019une absurdit\u00e9 tragique qu\u2019elle finisse par disparaitre du fait de ses propres turpitudes.<\/p>\n<p>Je suis s\u00fbr, que cette crise, pass\u00e9, l&rsquo;homme saura, avec le g\u00e9nie qui est le sien, revoir enti\u00e8rement sa fa\u00e7on d&rsquo;\u00eatre sur cette terre. Il sera bien avis\u00e9 de d\u00e9passer son \u00e9go\u00efsme, ses comportements consum\u00e9ristes, ses mesquineries, son ego d\u00e9mesur\u00e9, ses id\u00e9ologies mortif\u00e8res&#8230;<\/p>\n<p>Il faut esp\u00e9rer que les penseurs de toutes disciplines, philosophes, anthropologues, sociologues, autorit\u00e9s morales, hommes de culture et autres, inventeront et nous proposeront d\u2019autres mod\u00e8les de vivre en commun et d\u2019autres comportements \u00e0 l\u2019\u00e9gard de notre environnement.<\/p>\n<h2>D\u2019autres paradigmes sont \u00e0 inventer<\/h2>\n<p>Est \u00e0 esp\u00e9rer aussi l\u2019\u00e9mergence d\u2019une nouvelle race d&rsquo;hommes politiques qui auront le courage d\u2019engager les actions n\u00e9cessaires \u00e0 la sauvegarde de cette exception, de ce paradis dans le syst\u00e8me solaire, qu\u2019est la terre.<\/p>\n<p>Puissent nos petits-enfants et nos arri\u00e8res petits-enfants ne pas se retrouver, de nouveau, un jour dans la m\u00eame\u00a0situation que celles\u00a0de l&rsquo;urgentiste parisien ou des gnous du Serengeti oblig\u00e9s de sacrifier une partie de leurs semblables pour sauver l\u2019esp\u00e8ce. La sagesse et le bon sens que nous avons en partage font que cet espoir ne me semble pas utopique.<\/p>\n<p><strong>Mhamed Ali Souissi<\/strong><br \/>\u00a0<\/p>\n<p>Auteur:<br \/>\n<a href=\"https:\/\/www.leaders.com.tn\/article\/29836-covid-19-nous-et-les-gnous\">Cliquez ici pour lire l&rsquo;article depuis sa source.<\/a><\/p>\n","protected":false},"excerpt":{"rendered":"<p>Par Mhamed Ali Souissi, ing\u00e9nieur des Ponts et Chauss\u00e9e, ancien ministre &#8211; Au d\u00e9but de l\u2019\u00e9pid\u00e9mie du Covid-19, le nombre de morts en Tunisie \u00e9tait heureusement tr\u00e8s faible. Je me suis alors pos\u00e9 la question pourquoi tant d\u2019effroi, tant de prudence, d\u2019appr\u00e9hension, d\u2019alarme\u00a0? Au moment o\u00f9 j\u2019\u00e9cris ces lignes, et au bout de deux mois [&hellip;]<\/p>\n","protected":false},"author":1772,"featured_media":0,"comment_status":"closed","ping_status":"closed","sticky":false,"template":"","format":"standard","meta":{"fifu_image_url":"","fifu_image_alt":"","footnotes":""},"categories":[73,55],"tags":[],"class_list":["post-84315","post","type-post","status-publish","format-standard","hentry","category-actualite","category-tunisie"],"_links":{"self":[{"href":"https:\/\/linitiative.ca\/International\/wp-json\/wp\/v2\/posts\/84315","targetHints":{"allow":["GET"]}}],"collection":[{"href":"https:\/\/linitiative.ca\/International\/wp-json\/wp\/v2\/posts"}],"about":[{"href":"https:\/\/linitiative.ca\/International\/wp-json\/wp\/v2\/types\/post"}],"author":[{"embeddable":true,"href":"https:\/\/linitiative.ca\/International\/wp-json\/wp\/v2\/users\/1772"}],"replies":[{"embeddable":true,"href":"https:\/\/linitiative.ca\/International\/wp-json\/wp\/v2\/comments?post=84315"}],"version-history":[{"count":0,"href":"https:\/\/linitiative.ca\/International\/wp-json\/wp\/v2\/posts\/84315\/revisions"}],"wp:attachment":[{"href":"https:\/\/linitiative.ca\/International\/wp-json\/wp\/v2\/media?parent=84315"}],"wp:term":[{"taxonomy":"category","embeddable":true,"href":"https:\/\/linitiative.ca\/International\/wp-json\/wp\/v2\/categories?post=84315"},{"taxonomy":"post_tag","embeddable":true,"href":"https:\/\/linitiative.ca\/International\/wp-json\/wp\/v2\/tags?post=84315"}],"curies":[{"name":"wp","href":"https:\/\/api.w.org\/{rel}","templated":true}]}}